{"id":921,"date":"2016-01-15T19:15:08","date_gmt":"2016-01-15T18:15:08","guid":{"rendered":"http:\/\/emhuisken.de\/wordpress\/wort\/?p=298"},"modified":"2021-05-25T22:43:53","modified_gmt":"2021-05-25T21:43:53","slug":"martin-luserke","status":"publish","type":"post","link":"https:\/\/emhuisken.de\/wordpress\/2016\/01\/martin-luserke\/","title":{"rendered":"Martin Luserke"},"content":{"rendered":"<div class=\"pdfprnt-buttons pdfprnt-buttons-post pdfprnt-top-right\"><a href=\"https:\/\/emhuisken.de\/wordpress\/wp-json\/wp\/v2\/posts\/921?print=print\" class=\"pdfprnt-button pdfprnt-button-print\" target=\"_blank\" ><img decoding=\"async\" src=\"https:\/\/emhuisken.de\/wordpress\/wp-content\/plugins\/pdf-print\/images\/print.png\" alt=\"image_print\" title=\"Print Content\" \/><span class=\"pdfprnt-button-title pdfprnt-button-print-title\">F\u00fcr l\u00e4ngere Texte empfehle ich vorherigen Ausdruck<\/span><\/a><\/div><h2 align=\"center\">Martin Luserkes Lebensfahrt<br \/>\noder<br \/>\nObadjah und die ZK14<\/h2>\n<p align=\"center\">Ein literarisch-musikalisches Lebensbild aus Texten von und \u00fcber Martin Luserke,<br \/>\nerg\u00e4nzt um Kammershanties und andere sch\u00f6ne Lieder<br \/>\nvorgetragen von<br \/>\nStefan Carl em Huisken<\/p>\n<div id=\"attachment_1062\" style=\"width: 160px\" class=\"wp-caption alignright\"><a href=\"http:\/\/emhuisken.de\/wordpress\/wp-content\/uploads\/2017\/08\/Martin_Luserke.png\"><img loading=\"lazy\" decoding=\"async\" aria-describedby=\"caption-attachment-1062\" class=\"wp-image-1062\" src=\"http:\/\/emhuisken.de\/wordpress\/wp-content\/uploads\/2017\/08\/Martin_Luserke.png\" alt=\"\" width=\"150\" height=\"173\"><\/a><p id=\"caption-attachment-1062\" class=\"wp-caption-text\">Foto: www.luserke.net<\/p><\/div>\n<p><strong>Martin Luserke<\/strong> (*1880 Berlin, \u20201968 Meldorf) war unter ande\u00adrem Reformp\u00e4dagoge, Theatermann, Schriftsteller und Geschich\u00adtenerz\u00e4hler. Zugleich war er aber eine in vielerlei Hinsicht au\u00ad\u00dfergew\u00f6hnliche Pers\u00f6nlichkeit mit ebenso au\u00dfergew\u00f6hnli\u00adchen Ideen \u00fcber das Leben schlechthin und sein eigenes im Besonderen.<br \/>\nSeine \u00e4u\u00dfere Biografie ist vielfach erschlossen, vorwiegend im Hinblick auf sein p\u00e4dagogisches Wirken in der Freien Schulge\u00admeinde Wickersdorf und vor allem in der von ihm konzipierten und geleiteten \u201eSchule am Meer\u201c (1925-1934) auf der Nordseein\u00adsel Juist. Daneben waren seine Theater-Bauh\u00fctten legend\u00e4r, in denen er (am liebsten junge) Menschen zu au\u00dferge\u00adw\u00f6hnlichen Leistungen im Theaterspiel zu bringen verstand.<br \/>\nAufzeichnungen \u00fcber seine innere Entwicklung, seine Ideen \u00fcber das Leben und das Theater blieben jedoch vielfach Fragment. Wer sich dieser Seite von Martin Luserke zuwen\u00adden will, f\u00fcr den kann eine durch seinen Sohn Dieter (1918-2005) \u00fcberlieferte Aussage zu Luserkes Roman \u201eObadjah und die ZK14\u201c wegleitend werden: \u201eWer den Obadjah lieben kann, der hat mich ganz verstanden.\u201c<br \/>\nDas hier pr\u00e4sentierte Programm will davon ausgehend ein Bild der Pers\u00f6nlichkeit Martin Luserkes zeigen, so, wie es sich einem Liebhaber des Romans ergeben kann.<\/p>\n<p>&nbsp;<\/p>\n<div id=\"attachment_868\" style=\"width: 210px\" class=\"wp-caption alignleft\"><a href=\"http:\/\/emhuisken.de\/wordpress\/wp-content\/uploads\/2017\/08\/Em_Huisken_Weltenrand.jpg\"><img loading=\"lazy\" decoding=\"async\" aria-describedby=\"caption-attachment-868\" class=\"size-medium wp-image-868\" src=\"http:\/\/emhuisken.de\/wordpress\/wp-content\/uploads\/2017\/08\/Em_Huisken_Weltenrand-200x300.jpg\" alt=\"\" width=\"200\" height=\"300\" srcset=\"https:\/\/emhuisken.de\/wordpress\/wp-content\/uploads\/2017\/08\/Em_Huisken_Weltenrand-200x300.jpg 200w, https:\/\/emhuisken.de\/wordpress\/wp-content\/uploads\/2017\/08\/Em_Huisken_Weltenrand-300x450.jpg 300w, https:\/\/emhuisken.de\/wordpress\/wp-content\/uploads\/2017\/08\/Em_Huisken_Weltenrand-683x1024.jpg 683w, https:\/\/emhuisken.de\/wordpress\/wp-content\/uploads\/2017\/08\/Em_Huisken_Weltenrand-768x1152.jpg 768w, https:\/\/emhuisken.de\/wordpress\/wp-content\/uploads\/2017\/08\/Em_Huisken_Weltenrand-600x900.jpg 600w, https:\/\/emhuisken.de\/wordpress\/wp-content\/uploads\/2017\/08\/Em_Huisken_Weltenrand-187x280.jpg 187w, https:\/\/emhuisken.de\/wordpress\/wp-content\/uploads\/2017\/08\/Em_Huisken_Weltenrand-253x380.jpg 253w, https:\/\/emhuisken.de\/wordpress\/wp-content\/uploads\/2017\/08\/Em_Huisken_Weltenrand.jpg 1000w\" sizes=\"auto, (max-width: 200px) 100vw, 200px\" \/><\/a><p id=\"caption-attachment-868\" class=\"wp-caption-text\">Foto: Annele Rewerts<\/p><\/div>\n<p><strong>Stefan Carl em Huisken<\/strong> (*1954 als Sohn des Schriftstellers Jam Brede; Studium Germanistik, P\u00e4dagogik, Niederlandis\u00adtik, Informatik, kursorisch Schauspiel, Musik und diverse Musik\u00adinstrumente) ist seit Jahrzehnten von der Gestalt Martin Luserkes fasziniert. In der Vergangenheit gestaltete er mehr\u00adfach Abende mit Texten Martin Luserkes \u2013 teilweise noch ge\u00admeinsam mit Dieter Luserke \u2013 um so diese beein\u00addruckende Pers\u00f6nlichkeit immer wieder ins Ged\u00e4chtnis zu rufen.<br \/>\nAu\u00dferdem ist Em Huisken als Lieders\u00e4nger, Musiker, Autor und Geschichtenerz\u00e4hler vorwiegend im norddeutschen Raum unterwegs. Er lebt seit mehr als 25 Jahren in Norden\/Ostfriesland.<\/p>\n<p>&nbsp;<\/p>\n<p>&nbsp;<\/p>\n<p>&nbsp;<\/p>\n<p><a href=\"http:\/\/emhuisken.de\/wordpress\/wp-content\/uploads\/2016\/01\/PI_Luserke.pdf\">Dowload als PDF-Datei hier klicken<\/a><\/p>\n","protected":false},"excerpt":{"rendered":"<p>Programminformation zu &#8222;Martin Luserkes Lebensfahrt, oder: Obadjah und die ZK14&#8220; von Stefan Carl em Huisken<\/p>\n","protected":false},"author":1,"featured_media":0,"comment_status":"open","ping_status":"open","sticky":false,"template":"","format":"standard","meta":{"footnotes":""},"categories":[102,73],"tags":[170,189,230,315],"class_list":["post-921","post","type-post","status-publish","format-standard","hentry","category-literatur","category-musik","tag-lesungen","tag-luserke","tag-musikalische-lesung","tag-projekte"],"yoast_head":"<!-- This site is optimized with the Yoast SEO plugin v27.4 - https:\/\/yoast.com\/product\/yoast-seo-wordpress\/ -->\n<title>Martin Luserke - Musik \u2013 Wort \u2013 Geisteswissenschaft<\/title>\n<meta name=\"robots\" content=\"index, follow, max-snippet:-1, max-image-preview:large, max-video-preview:-1\" \/>\n<link rel=\"canonical\" href=\"https:\/\/emhuisken.de\/wordpress\/2016\/01\/martin-luserke\/\" \/>\n<meta property=\"og:locale\" content=\"de_DE\" \/>\n<meta property=\"og:type\" content=\"article\" \/>\n<meta property=\"og:title\" content=\"Martin Luserke - Musik \u2013 Wort \u2013 Geisteswissenschaft\" \/>\n<meta property=\"og:description\" content=\"Programminformation zu &quot;Martin Luserkes Lebensfahrt, oder: Obadjah und die ZK14&quot; von Stefan Carl em Huisken\" \/>\n<meta property=\"og:url\" content=\"https:\/\/emhuisken.de\/wordpress\/2016\/01\/martin-luserke\/\" \/>\n<meta property=\"og:site_name\" content=\"Musik \u2013 Wort \u2013 Geisteswissenschaft\" \/>\n<meta property=\"article:published_time\" content=\"2016-01-15T18:15:08+00:00\" \/>\n<meta property=\"article:modified_time\" content=\"2021-05-25T21:43:53+00:00\" \/>\n<meta property=\"og:image\" content=\"http:\/\/emhuisken.de\/wordpress\/wp-content\/uploads\/2017\/08\/Martin_Luserke.png\" \/>\n<meta name=\"author\" content=\"Stefan Carl Em Huisken\" \/>\n<meta name=\"twitter:card\" content=\"summary_large_image\" \/>\n<meta name=\"twitter:label1\" content=\"Geschrieben von\" \/>\n\t<meta name=\"twitter:data1\" content=\"Stefan Carl Em Huisken\" \/>\n\t<meta name=\"twitter:label2\" content=\"Gesch\u00e4tzte Lesezeit\" \/>\n\t<meta name=\"twitter:data2\" content=\"2\u00a0Minuten\" \/>\n<script type=\"application\/ld+json\" class=\"yoast-schema-graph\">{\"@context\":\"https:\\\/\\\/schema.org\",\"@graph\":[{\"@type\":\"Article\",\"@id\":\"https:\\\/\\\/emhuisken.de\\\/wordpress\\\/2016\\\/01\\\/martin-luserke\\\/#article\",\"isPartOf\":{\"@id\":\"https:\\\/\\\/emhuisken.de\\\/wordpress\\\/2016\\\/01\\\/martin-luserke\\\/\"},\"author\":{\"name\":\"Stefan Carl Em Huisken\",\"@id\":\"https:\\\/\\\/emhuisken.de\\\/wordpress\\\/#\\\/schema\\\/person\\\/d97bf7d74295f11fe6963296f0232ec3\"},\"headline\":\"Martin Luserke\",\"datePublished\":\"2016-01-15T18:15:08+00:00\",\"dateModified\":\"2021-05-25T21:43:53+00:00\",\"mainEntityOfPage\":{\"@id\":\"https:\\\/\\\/emhuisken.de\\\/wordpress\\\/2016\\\/01\\\/martin-luserke\\\/\"},\"wordCount\":352,\"commentCount\":0,\"publisher\":{\"@id\":\"https:\\\/\\\/emhuisken.de\\\/wordpress\\\/#organization\"},\"image\":{\"@id\":\"https:\\\/\\\/emhuisken.de\\\/wordpress\\\/2016\\\/01\\\/martin-luserke\\\/#primaryimage\"},\"thumbnailUrl\":\"http:\\\/\\\/emhuisken.de\\\/wordpress\\\/wp-content\\\/uploads\\\/2017\\\/08\\\/Martin_Luserke.png\",\"keywords\":[\"Lesungen\",\"Luserke\",\"musikalische Lesung\",\"Projekte\"],\"articleSection\":[\"Literatur\",\"Musik\"],\"inLanguage\":\"de\",\"potentialAction\":[{\"@type\":\"CommentAction\",\"name\":\"Comment\",\"target\":[\"https:\\\/\\\/emhuisken.de\\\/wordpress\\\/2016\\\/01\\\/martin-luserke\\\/#respond\"]}]},{\"@type\":\"WebPage\",\"@id\":\"https:\\\/\\\/emhuisken.de\\\/wordpress\\\/2016\\\/01\\\/martin-luserke\\\/\",\"url\":\"https:\\\/\\\/emhuisken.de\\\/wordpress\\\/2016\\\/01\\\/martin-luserke\\\/\",\"name\":\"Martin Luserke - Musik \u2013 Wort \u2013 Geisteswissenschaft\",\"isPartOf\":{\"@id\":\"https:\\\/\\\/emhuisken.de\\\/wordpress\\\/#website\"},\"primaryImageOfPage\":{\"@id\":\"https:\\\/\\\/emhuisken.de\\\/wordpress\\\/2016\\\/01\\\/martin-luserke\\\/#primaryimage\"},\"image\":{\"@id\":\"https:\\\/\\\/emhuisken.de\\\/wordpress\\\/2016\\\/01\\\/martin-luserke\\\/#primaryimage\"},\"thumbnailUrl\":\"http:\\\/\\\/emhuisken.de\\\/wordpress\\\/wp-content\\\/uploads\\\/2017\\\/08\\\/Martin_Luserke.png\",\"datePublished\":\"2016-01-15T18:15:08+00:00\",\"dateModified\":\"2021-05-25T21:43:53+00:00\",\"breadcrumb\":{\"@id\":\"https:\\\/\\\/emhuisken.de\\\/wordpress\\\/2016\\\/01\\\/martin-luserke\\\/#breadcrumb\"},\"inLanguage\":\"de\",\"potentialAction\":[{\"@type\":\"ReadAction\",\"target\":[\"https:\\\/\\\/emhuisken.de\\\/wordpress\\\/2016\\\/01\\\/martin-luserke\\\/\"]}]},{\"@type\":\"ImageObject\",\"inLanguage\":\"de\",\"@id\":\"https:\\\/\\\/emhuisken.de\\\/wordpress\\\/2016\\\/01\\\/martin-luserke\\\/#primaryimage\",\"url\":\"https:\\\/\\\/emhuisken.de\\\/wordpress\\\/wp-content\\\/uploads\\\/2017\\\/08\\\/Martin_Luserke.png\",\"contentUrl\":\"https:\\\/\\\/emhuisken.de\\\/wordpress\\\/wp-content\\\/uploads\\\/2017\\\/08\\\/Martin_Luserke.png\",\"width\":111,\"height\":128},{\"@type\":\"BreadcrumbList\",\"@id\":\"https:\\\/\\\/emhuisken.de\\\/wordpress\\\/2016\\\/01\\\/martin-luserke\\\/#breadcrumb\",\"itemListElement\":[{\"@type\":\"ListItem\",\"position\":1,\"name\":\"Home\",\"item\":\"https:\\\/\\\/emhuisken.de\\\/wordpress\\\/\"},{\"@type\":\"ListItem\",\"position\":2,\"name\":\"Martin Luserke\"}]},{\"@type\":\"WebSite\",\"@id\":\"https:\\\/\\\/emhuisken.de\\\/wordpress\\\/#website\",\"url\":\"https:\\\/\\\/emhuisken.de\\\/wordpress\\\/\",\"name\":\"Musik \u2013 Wort \u2013 Geisteswissenschaft\",\"description\":\"Ton-, Wort-, Gedankenkunst\",\"publisher\":{\"@id\":\"https:\\\/\\\/emhuisken.de\\\/wordpress\\\/#organization\"},\"potentialAction\":[{\"@type\":\"SearchAction\",\"target\":{\"@type\":\"EntryPoint\",\"urlTemplate\":\"https:\\\/\\\/emhuisken.de\\\/wordpress\\\/?s={search_term_string}\"},\"query-input\":{\"@type\":\"PropertyValueSpecification\",\"valueRequired\":true,\"valueName\":\"search_term_string\"}}],\"inLanguage\":\"de\"},{\"@type\":\"Organization\",\"@id\":\"https:\\\/\\\/emhuisken.de\\\/wordpress\\\/#organization\",\"name\":\"Musik \u2013 Wort \u2013 Geisteswissenschaft\",\"url\":\"https:\\\/\\\/emhuisken.de\\\/wordpress\\\/\",\"logo\":{\"@type\":\"ImageObject\",\"inLanguage\":\"de\",\"@id\":\"https:\\\/\\\/emhuisken.de\\\/wordpress\\\/#\\\/schema\\\/logo\\\/image\\\/\",\"url\":\"https:\\\/\\\/emhuisken.de\\\/wordpress\\\/wp-content\\\/uploads\\\/2014\\\/10\\\/eh_logo_schatten_240x66-1.png\",\"contentUrl\":\"https:\\\/\\\/emhuisken.de\\\/wordpress\\\/wp-content\\\/uploads\\\/2014\\\/10\\\/eh_logo_schatten_240x66-1.png\",\"width\":240,\"height\":66,\"caption\":\"Musik \u2013 Wort \u2013 Geisteswissenschaft\"},\"image\":{\"@id\":\"https:\\\/\\\/emhuisken.de\\\/wordpress\\\/#\\\/schema\\\/logo\\\/image\\\/\"}},{\"@type\":\"Person\",\"@id\":\"https:\\\/\\\/emhuisken.de\\\/wordpress\\\/#\\\/schema\\\/person\\\/d97bf7d74295f11fe6963296f0232ec3\",\"name\":\"Stefan Carl Em Huisken\",\"url\":\"https:\\\/\\\/emhuisken.de\\\/wordpress\\\/author\\\/shoeschen\\\/\"}]}<\/script>\n<!-- \/ Yoast SEO plugin. -->","yoast_head_json":{"title":"Martin Luserke - Musik \u2013 Wort \u2013 Geisteswissenschaft","robots":{"index":"index","follow":"follow","max-snippet":"max-snippet:-1","max-image-preview":"max-image-preview:large","max-video-preview":"max-video-preview:-1"},"canonical":"https:\/\/emhuisken.de\/wordpress\/2016\/01\/martin-luserke\/","og_locale":"de_DE","og_type":"article","og_title":"Martin Luserke - Musik \u2013 Wort \u2013 Geisteswissenschaft","og_description":"Programminformation zu \"Martin Luserkes Lebensfahrt, oder: Obadjah und die ZK14\" von Stefan Carl em Huisken","og_url":"https:\/\/emhuisken.de\/wordpress\/2016\/01\/martin-luserke\/","og_site_name":"Musik \u2013 Wort \u2013 Geisteswissenschaft","article_published_time":"2016-01-15T18:15:08+00:00","article_modified_time":"2021-05-25T21:43:53+00:00","og_image":[{"url":"http:\/\/emhuisken.de\/wordpress\/wp-content\/uploads\/2017\/08\/Martin_Luserke.png","type":"","width":"","height":""}],"author":"Stefan Carl Em Huisken","twitter_card":"summary_large_image","twitter_misc":{"Geschrieben von":"Stefan Carl Em Huisken","Gesch\u00e4tzte Lesezeit":"2\u00a0Minuten"},"schema":{"@context":"https:\/\/schema.org","@graph":[{"@type":"Article","@id":"https:\/\/emhuisken.de\/wordpress\/2016\/01\/martin-luserke\/#article","isPartOf":{"@id":"https:\/\/emhuisken.de\/wordpress\/2016\/01\/martin-luserke\/"},"author":{"name":"Stefan Carl Em Huisken","@id":"https:\/\/emhuisken.de\/wordpress\/#\/schema\/person\/d97bf7d74295f11fe6963296f0232ec3"},"headline":"Martin Luserke","datePublished":"2016-01-15T18:15:08+00:00","dateModified":"2021-05-25T21:43:53+00:00","mainEntityOfPage":{"@id":"https:\/\/emhuisken.de\/wordpress\/2016\/01\/martin-luserke\/"},"wordCount":352,"commentCount":0,"publisher":{"@id":"https:\/\/emhuisken.de\/wordpress\/#organization"},"image":{"@id":"https:\/\/emhuisken.de\/wordpress\/2016\/01\/martin-luserke\/#primaryimage"},"thumbnailUrl":"http:\/\/emhuisken.de\/wordpress\/wp-content\/uploads\/2017\/08\/Martin_Luserke.png","keywords":["Lesungen","Luserke","musikalische Lesung","Projekte"],"articleSection":["Literatur","Musik"],"inLanguage":"de","potentialAction":[{"@type":"CommentAction","name":"Comment","target":["https:\/\/emhuisken.de\/wordpress\/2016\/01\/martin-luserke\/#respond"]}]},{"@type":"WebPage","@id":"https:\/\/emhuisken.de\/wordpress\/2016\/01\/martin-luserke\/","url":"https:\/\/emhuisken.de\/wordpress\/2016\/01\/martin-luserke\/","name":"Martin Luserke - Musik \u2013 Wort \u2013 Geisteswissenschaft","isPartOf":{"@id":"https:\/\/emhuisken.de\/wordpress\/#website"},"primaryImageOfPage":{"@id":"https:\/\/emhuisken.de\/wordpress\/2016\/01\/martin-luserke\/#primaryimage"},"image":{"@id":"https:\/\/emhuisken.de\/wordpress\/2016\/01\/martin-luserke\/#primaryimage"},"thumbnailUrl":"http:\/\/emhuisken.de\/wordpress\/wp-content\/uploads\/2017\/08\/Martin_Luserke.png","datePublished":"2016-01-15T18:15:08+00:00","dateModified":"2021-05-25T21:43:53+00:00","breadcrumb":{"@id":"https:\/\/emhuisken.de\/wordpress\/2016\/01\/martin-luserke\/#breadcrumb"},"inLanguage":"de","potentialAction":[{"@type":"ReadAction","target":["https:\/\/emhuisken.de\/wordpress\/2016\/01\/martin-luserke\/"]}]},{"@type":"ImageObject","inLanguage":"de","@id":"https:\/\/emhuisken.de\/wordpress\/2016\/01\/martin-luserke\/#primaryimage","url":"https:\/\/emhuisken.de\/wordpress\/wp-content\/uploads\/2017\/08\/Martin_Luserke.png","contentUrl":"https:\/\/emhuisken.de\/wordpress\/wp-content\/uploads\/2017\/08\/Martin_Luserke.png","width":111,"height":128},{"@type":"BreadcrumbList","@id":"https:\/\/emhuisken.de\/wordpress\/2016\/01\/martin-luserke\/#breadcrumb","itemListElement":[{"@type":"ListItem","position":1,"name":"Home","item":"https:\/\/emhuisken.de\/wordpress\/"},{"@type":"ListItem","position":2,"name":"Martin Luserke"}]},{"@type":"WebSite","@id":"https:\/\/emhuisken.de\/wordpress\/#website","url":"https:\/\/emhuisken.de\/wordpress\/","name":"Musik \u2013 Wort \u2013 Geisteswissenschaft","description":"Ton-, Wort-, Gedankenkunst","publisher":{"@id":"https:\/\/emhuisken.de\/wordpress\/#organization"},"potentialAction":[{"@type":"SearchAction","target":{"@type":"EntryPoint","urlTemplate":"https:\/\/emhuisken.de\/wordpress\/?s={search_term_string}"},"query-input":{"@type":"PropertyValueSpecification","valueRequired":true,"valueName":"search_term_string"}}],"inLanguage":"de"},{"@type":"Organization","@id":"https:\/\/emhuisken.de\/wordpress\/#organization","name":"Musik \u2013 Wort \u2013 Geisteswissenschaft","url":"https:\/\/emhuisken.de\/wordpress\/","logo":{"@type":"ImageObject","inLanguage":"de","@id":"https:\/\/emhuisken.de\/wordpress\/#\/schema\/logo\/image\/","url":"https:\/\/emhuisken.de\/wordpress\/wp-content\/uploads\/2014\/10\/eh_logo_schatten_240x66-1.png","contentUrl":"https:\/\/emhuisken.de\/wordpress\/wp-content\/uploads\/2014\/10\/eh_logo_schatten_240x66-1.png","width":240,"height":66,"caption":"Musik \u2013 Wort \u2013 Geisteswissenschaft"},"image":{"@id":"https:\/\/emhuisken.de\/wordpress\/#\/schema\/logo\/image\/"}},{"@type":"Person","@id":"https:\/\/emhuisken.de\/wordpress\/#\/schema\/person\/d97bf7d74295f11fe6963296f0232ec3","name":"Stefan Carl Em Huisken","url":"https:\/\/emhuisken.de\/wordpress\/author\/shoeschen\/"}]}},"_links":{"self":[{"href":"https:\/\/emhuisken.de\/wordpress\/wp-json\/wp\/v2\/posts\/921","targetHints":{"allow":["GET"]}}],"collection":[{"href":"https:\/\/emhuisken.de\/wordpress\/wp-json\/wp\/v2\/posts"}],"about":[{"href":"https:\/\/emhuisken.de\/wordpress\/wp-json\/wp\/v2\/types\/post"}],"author":[{"embeddable":true,"href":"https:\/\/emhuisken.de\/wordpress\/wp-json\/wp\/v2\/users\/1"}],"replies":[{"embeddable":true,"href":"https:\/\/emhuisken.de\/wordpress\/wp-json\/wp\/v2\/comments?post=921"}],"version-history":[{"count":5,"href":"https:\/\/emhuisken.de\/wordpress\/wp-json\/wp\/v2\/posts\/921\/revisions"}],"predecessor-version":[{"id":2673,"href":"https:\/\/emhuisken.de\/wordpress\/wp-json\/wp\/v2\/posts\/921\/revisions\/2673"}],"wp:attachment":[{"href":"https:\/\/emhuisken.de\/wordpress\/wp-json\/wp\/v2\/media?parent=921"}],"wp:term":[{"taxonomy":"category","embeddable":true,"href":"https:\/\/emhuisken.de\/wordpress\/wp-json\/wp\/v2\/categories?post=921"},{"taxonomy":"post_tag","embeddable":true,"href":"https:\/\/emhuisken.de\/wordpress\/wp-json\/wp\/v2\/tags?post=921"}],"curies":[{"name":"wp","href":"https:\/\/api.w.org\/{rel}","templated":true}]}}