{"id":892,"date":"2012-02-19T14:25:00","date_gmt":"2012-02-19T13:25:00","guid":{"rendered":"http:\/\/emhuisken.de\/wordpress\/wort\/2012\/02\/19\/jabbo-von-hugsand-leseprobe\/"},"modified":"2020-11-24T11:05:26","modified_gmt":"2020-11-24T10:05:26","slug":"jabbo-von-hugsand-leseprobe","status":"publish","type":"post","link":"https:\/\/emhuisken.de\/wordpress\/2012\/02\/jabbo-von-hugsand-leseprobe\/","title":{"rendered":"Jabbo von Hugsand &#8211; Leseprobe"},"content":{"rendered":"<div class=\"pdfprnt-buttons pdfprnt-buttons-post pdfprnt-top-right\"><a href=\"https:\/\/emhuisken.de\/wordpress\/wp-json\/wp\/v2\/posts\/892?print=print\" class=\"pdfprnt-button pdfprnt-button-print\" target=\"_blank\" ><img decoding=\"async\" src=\"https:\/\/emhuisken.de\/wordpress\/wp-content\/plugins\/pdf-print\/images\/print.png\" alt=\"image_print\" title=\"Print Content\" \/><span class=\"pdfprnt-button-title pdfprnt-button-print-title\">F\u00fcr l\u00e4ngere Texte empfehle ich vorherigen Ausdruck<\/span><\/a><\/div><p class=\"western\">Das Watt ist eine seltsame Gegend, durchzogen von Prie\u00adlen, die zwischen den S\u00e4nden und Schlickb\u00e4nken fast t\u00e4g\u00adlich ihre Lage ver\u00e4ndern, so dass nur der Kundige im\u00admer wei\u00df, welchen Weg er nehmen muss, um wohlbe\u00adhalten sein Ziel zu erreichen. Auch die Sandinseln, die mehr oder weni\u00adger weit vom Fu\u00df des m\u00e4chtigen Fest\u00adlandsdeiches entfernt irgendwo im Gewirr der Sandb\u00e4n\u00adke und Priele liegen, zie\u00adhen mit dem Drang des Stromes und des ewigen Westwin\u00addes an der K\u00fcste entlang, lang\u00adsam zwar, aber doch merk\u00adlich. So war es jedenfalls Jahrtausende lang, bis der Mensch sich entschloss, den Elementen die Stirn zu bieten und feste W\u00e4lle im Wes\u00adten der Inseln auf\u00adzurichten, aus Stein und Teer, um den ewig heranst\u00fcr\u00admenden Wogen die Kraft zu brechen. Nur zu oft aber er\u00adweisen sich See und Sturm als st\u00e4rker, und immer auf\u00adwendiger wird es, diese W\u00e4lle zu halten. Alle paar Jahre muss etwas getan werden; aber was sind Jahre, Jahrzehnte, ja selbst Jahrhun\u00adderte im Verh\u00e4lt\u00adnis zum ewig gleichen und doch immer neuen Atem der See? Die\u00adses riesige, erdumspannende Wesen kann war\u00adten, bis des Men\u00adschen kurze Frist abgelaufen ist; dann wird es wie\u00adder in seine Rechte eintreten \u2013 mit oder ohne den Men\u00adschen, je nach\u00addem.<\/p>\n<p class=\"western\">Auf den Inseln, die sich in einer langen Kette von Westen nach Osten erstrecken, lebte man daher immer in dem Be\u00adwusstsein, mit der Insel mitziehen zu m\u00fcssen, eines Tages das Haus abbre\u00adchen oder aufgeben zu m\u00fcs\u00adsen, um weit im Osten des alten Wohnplat\u00adzes ein neues Zuhause zu errich\u00adten. Bei den \u00e4rmlichen H\u00fctten der Ei\u00adl\u00e4nder war das nat\u00fcr\u00adlich leichter getan als bei den heu\u00adtigen Be\u00adton\u00adkomplexen, aber ein unsicheres Leben blieb es doch allzeit.<\/p>\n<p class=\"western\">Auf allen Inseln lebte man so \u2013 au\u00dfer auf Hugsand. Hug\u00adsand lag weit vom Deichfu\u00df entfernt, kaum noch in Sicht\u00adweite, und vom Lande aus nur per Boot oder \u2013 zu ganz be\u00adstimmten Zei\u00adten \u2013 durch eine gefahrvolle und kr\u00e4ftezehren\u00adde Wattdurchquerung zu errei\u00adchen, auf der auch noch ein tiefer Priel durchwatet werden musste. Mancher Unkundige hatte sich schon hoff\u00adnungslos da\u00adbei verirrt, bis das Wasser\u00advolk von den Schlickb\u00e4nken ihn zu sich holte. Auch die Fahrwasser nach Hugsand waren gewunden und an Gefah\u00adren reich, und so war es kein Wunder, dass sich au\u00dfer den Inselfischern kaum einmal jemand auf die Reise machte.<\/p>\n<p class=\"western\">Dass \u00fcberhaupt Menschen auf diesem Eiland leb\u00adten, lag an ei\u00adnem au\u00dfergew\u00f6hnlichen Vorzug von Hug\u00adsand: die In\u00adsel machte den stetigen Zug von Westen nach Os\u00adten nicht mit. Weit im We\u00adsten der In\u00adsel, durch eine of\u00adfene Schlickpla\u00adte vom eigentlichen D\u00fcnenkern getrennt, erhob sich eine m\u00e4chtig hohe D\u00fcne, die \u2013 der Teufel mochte wis\u00adsen, warum \u2013 nie\u00admals Schaden litt, wenn wieder einmal eine Flut von Westen heran\u00adst\u00fcrmte, an\u00adgef\u00fchrt von den wei\u00df sch\u00e4u\u00admen\u00adden Bran\u00addungsr\u00f6ssern. Es schien, als ob die D\u00fcne f\u00fcr das Wasservolk eine ver\u00adbotene Zone sei, an die es niemals zu r\u00fch\u00adren wagte.<\/p>\n<p class=\"western\">Diese Besonderheit kannten nat\u00fcrlich auch die Hug\u00adsander; aber die D\u00fcne war ja weit genug von ih\u00adrem Wohn\u00adplatz in einem D\u00fc\u00adnental im Herzen der In\u00adsel ent\u00adfernt, darum mochte es dort sein, wie es wollte, man musste ja nicht hin\u00adgehen. Es reichte f\u00fcr das k\u00e4rgliche In\u00adsulanerdasein v\u00f6llig aus, den Schutz die\u00adses scheinbar uneinnehm\u00adbaren Boll\u00adwerks zu genie\u00ad\u00dfen und darum sei\u00adne H\u00fctten gr\u00f6\u00dfer und sch\u00f6ner bauen zu k\u00f6nnen als auf den anderen Eilan\u00adden. Wenn er eini\u00adger\u00adma\u00dfen leben kann, was k\u00fcm\u00admert dann den Insel\u00adfischer das Merk\u00adw\u00fcrdige, D\u00fcwel noch mal? K\u00e4rg\u00adlich und arbeitsreich war das Leben sowie\u00adso, wie auf jeder In\u00adsel, und da musste man schon auch auf seinen Vor\u00adteil be\u00addacht sein, wenn es einigerma\u00ad\u00dfen gehen sollte!<\/p>\n<p class=\"western\">Durch den Umstand mit der gro\u00dfen D\u00fcne bedingt, hat\u00adten nun Generationen von Menschen weitgehend unge\u00adst\u00f6rt von den Ele\u00admenten das Dorf, seine Wege und G\u00e4r\u00adten, die Pflanzen und Tier\u00adwelt dort hegen und pfle\u00adgen k\u00f6nnen. Unvergleichlich reicher als auf den ande\u00adren Ei\u00adlanden bl\u00fch\u00adte und summte es daher in dem D\u00fc\u00adnental des Dorfes. M\u00fchsame Arbeit hatte man\u00adchen ein\u00adstigen Sandfleck in fruchtbare Erde verwandelt, und so war das Leben auf Hugsand von Generation zu Genera\u00adtion behaglicher geworden.<\/p>\n<p class=\"western\">Aber wie es so ist, wenn der Mensch es zu bequem hat: er ver\u00adgisst leicht, was zum Erhalt dieser g\u00fcnsti\u00adgen Lage n\u00f6\u00adtig ist. Und dass dies einmal ins Ungl\u00fcck f\u00fchren k\u00f6nnte, das ging aus einer alten Sage hervor, die die Gro\u00dfm\u00fctter den Kindern immer wieder zu er\u00adz\u00e4hlen pflegten. Darin war von einem m\u00e4chtigen Ha\u00adsen die Rede, der die gro\u00dfe D\u00fcne be\u00adwohnte und h\u00fcte\u00adte. Was auch durch menschliche Fehlbar\u00adkeit auf Hug\u00adsand verlo\u00adren ging, es geh\u00f6rte unwei\u00adgerlich ihm, dem Meister der D\u00fcne, die darum durch jede Untat ei\u00adnes Hugsanders gr\u00f6\u00dfer und m\u00e4chtiger wurde. Kurzsichti\u00adge Figuren konnten da wohl auf den Gedanken verfal\u00adlen, man m\u00fcs\u00adse nur recht ordentlich s\u00fcndigen, dann w\u00fcr\u00adde die D\u00fcne um so siche\u00adrer vor dem Wasservolk sch\u00fct\u00adzen. Aber wie wertvoll ist dann noch das Leben im Schutz eines sol\u00adchen Bollwerkes? Unm\u00f6glich soll\u00adte es je\u00addenfalls sein, den Hasen zu finden, geschweige denn, ihn zu schie\u00dfen. Aber das versuchte ohnehin niemand ernst\u00adhaft, hatte man doch genug Respekt vor dem Unheimli\u00adchen, das wegen ihres beinahe wi\u00adderna\u00adt\u00fcrlichen Daseins von die\u00adser D\u00fcne aus\u00adging. Am besten \u2013 so sagte man sich auf Hugsand \u2013 man verga\u00df im Alltag einfach, dass es die D\u00fcne gab, dann konnte sie einen auch nicht beunruhi\u00adgen und auf dumme Gedan\u00adken bringen.<\/p>\n<p class=\"western\">Aber einmal \u2013 so erz\u00e4hlte die Sage \u2013 sollte es doch n\u00f6\u00adtig wer\u00adden, den Meister der D\u00fcne zu finden. Eine Sint\u00adflut soll\u00adte \u00fcber das Eiland hereinbrechen, und nur ein k\u00fchner und dreister Insula\u00adner sollte das Dorf noch ret\u00adten k\u00f6nnen. Er musste sich dann trauen, dem un\u00adgeheu\u00adren Hasen gegen\u00ad\u00fcberzutreten, und erst, wenn man vom Dorf aus die Sonne aus der D\u00fcne auf\u00adsteigen sehe, sei die Insel gerettet.<\/p>\n<p class=\"western\">Das war nat\u00fcrlich klar, sagten die Insulaner, das sind Am\u00admenm\u00e4rchen. Denn wer hat schon jemals die Sonne im Westen aufgehen sehen, wo sie doch sonst, in der Osterzeit regelm\u00e4\u00dfig, hinter der D\u00fcne <i>unter\u00ad<\/i>ging? Am\u00admenm\u00e4rchen also, eines erwachse\u00adnen Men\u00adschen nicht w\u00fcrdig!<\/p>\n<p class=\"western\">Die ganze Geschichte finden Sie in dem Buch &#8222;Geschichten vom Weltenrand&#8220;. Bestellen Sie es <a href=\"http:\/\/shop.emhuisken.de\" target=\"_blank\" rel=\"noopener noreferrer\">=&gt;hier<\/a>.<\/p>\n","protected":false},"excerpt":{"rendered":"<p>Leseprobe aus der Geschichte &#8222;Jabbo von Hugsand oder Meister Lampe und das goldene Ei&#8220; von Carl em Huisken aus dessen Buch &#8222;Geschichten vom Weltenrand&#8220;<\/p>\n","protected":false},"author":1,"featured_media":0,"comment_status":"open","ping_status":"closed","sticky":false,"template":"","format":"standard","meta":{"footnotes":""},"categories":[102],"tags":[203,180,236,171,213,316],"class_list":["post-892","post","type-post","status-publish","format-standard","hentry","category-literatur","tag-entwicklung","tag-freiheit","tag-geschichten","tag-geschichten-vom-weltenrand","tag-leseprobe","tag-texte"],"yoast_head":"<!-- This site is optimized with the Yoast SEO plugin v27.4 - https:\/\/yoast.com\/product\/yoast-seo-wordpress\/ -->\n<title>Jabbo von Hugsand - Geschichte<\/title>\n<meta name=\"description\" content=\"Eine Geschichte von der K\u00fcste, die besondere Atmosph\u00e4re des &quot;Randes der bewohnbaren Welt&quot; illustrierend.\" \/>\n<meta name=\"robots\" content=\"index, follow, max-snippet:-1, max-image-preview:large, max-video-preview:-1\" \/>\n<link rel=\"canonical\" href=\"https:\/\/emhuisken.de\/wordpress\/2012\/02\/jabbo-von-hugsand-leseprobe\/\" \/>\n<meta property=\"og:locale\" content=\"de_DE\" \/>\n<meta property=\"og:type\" content=\"article\" \/>\n<meta property=\"og:title\" content=\"Jabbo von Hugsand - Geschichte\" \/>\n<meta property=\"og:description\" content=\"Eine Geschichte von der K\u00fcste, die besondere Atmosph\u00e4re des &quot;Randes der bewohnbaren Welt&quot; illustrierend.\" \/>\n<meta property=\"og:url\" content=\"https:\/\/emhuisken.de\/wordpress\/2012\/02\/jabbo-von-hugsand-leseprobe\/\" \/>\n<meta property=\"og:site_name\" content=\"Musik \u2013 Wort \u2013 Geisteswissenschaft\" \/>\n<meta property=\"article:published_time\" content=\"2012-02-19T13:25:00+00:00\" \/>\n<meta property=\"article:modified_time\" content=\"2020-11-24T10:05:26+00:00\" \/>\n<meta name=\"author\" content=\"Stefan Carl Em Huisken\" \/>\n<meta name=\"twitter:card\" content=\"summary_large_image\" \/>\n<meta name=\"twitter:label1\" content=\"Geschrieben von\" \/>\n\t<meta name=\"twitter:data1\" content=\"Stefan Carl Em Huisken\" \/>\n\t<meta name=\"twitter:label2\" content=\"Gesch\u00e4tzte Lesezeit\" \/>\n\t<meta name=\"twitter:data2\" content=\"6\u00a0Minuten\" \/>\n<script type=\"application\/ld+json\" class=\"yoast-schema-graph\">{\"@context\":\"https:\\\/\\\/schema.org\",\"@graph\":[{\"@type\":\"Article\",\"@id\":\"https:\\\/\\\/emhuisken.de\\\/wordpress\\\/2012\\\/02\\\/jabbo-von-hugsand-leseprobe\\\/#article\",\"isPartOf\":{\"@id\":\"https:\\\/\\\/emhuisken.de\\\/wordpress\\\/2012\\\/02\\\/jabbo-von-hugsand-leseprobe\\\/\"},\"author\":{\"name\":\"Stefan Carl Em Huisken\",\"@id\":\"https:\\\/\\\/emhuisken.de\\\/wordpress\\\/#\\\/schema\\\/person\\\/d97bf7d74295f11fe6963296f0232ec3\"},\"headline\":\"Jabbo von Hugsand &#8211; Leseprobe\",\"datePublished\":\"2012-02-19T13:25:00+00:00\",\"dateModified\":\"2020-11-24T10:05:26+00:00\",\"mainEntityOfPage\":{\"@id\":\"https:\\\/\\\/emhuisken.de\\\/wordpress\\\/2012\\\/02\\\/jabbo-von-hugsand-leseprobe\\\/\"},\"wordCount\":1189,\"commentCount\":0,\"publisher\":{\"@id\":\"https:\\\/\\\/emhuisken.de\\\/wordpress\\\/#organization\"},\"keywords\":[\"Entwicklung\",\"Freiheit\",\"Geschichten\",\"Geschichten vom Weltenrand\",\"Leseprobe\",\"Texte\"],\"articleSection\":[\"Literatur\"],\"inLanguage\":\"de\",\"potentialAction\":[{\"@type\":\"CommentAction\",\"name\":\"Comment\",\"target\":[\"https:\\\/\\\/emhuisken.de\\\/wordpress\\\/2012\\\/02\\\/jabbo-von-hugsand-leseprobe\\\/#respond\"]}]},{\"@type\":\"WebPage\",\"@id\":\"https:\\\/\\\/emhuisken.de\\\/wordpress\\\/2012\\\/02\\\/jabbo-von-hugsand-leseprobe\\\/\",\"url\":\"https:\\\/\\\/emhuisken.de\\\/wordpress\\\/2012\\\/02\\\/jabbo-von-hugsand-leseprobe\\\/\",\"name\":\"Jabbo von Hugsand - Geschichte\",\"isPartOf\":{\"@id\":\"https:\\\/\\\/emhuisken.de\\\/wordpress\\\/#website\"},\"datePublished\":\"2012-02-19T13:25:00+00:00\",\"dateModified\":\"2020-11-24T10:05:26+00:00\",\"description\":\"Eine Geschichte von der K\u00fcste, die besondere Atmosph\u00e4re des \\\"Randes der bewohnbaren Welt\\\" illustrierend.\",\"breadcrumb\":{\"@id\":\"https:\\\/\\\/emhuisken.de\\\/wordpress\\\/2012\\\/02\\\/jabbo-von-hugsand-leseprobe\\\/#breadcrumb\"},\"inLanguage\":\"de\",\"potentialAction\":[{\"@type\":\"ReadAction\",\"target\":[\"https:\\\/\\\/emhuisken.de\\\/wordpress\\\/2012\\\/02\\\/jabbo-von-hugsand-leseprobe\\\/\"]}]},{\"@type\":\"BreadcrumbList\",\"@id\":\"https:\\\/\\\/emhuisken.de\\\/wordpress\\\/2012\\\/02\\\/jabbo-von-hugsand-leseprobe\\\/#breadcrumb\",\"itemListElement\":[{\"@type\":\"ListItem\",\"position\":1,\"name\":\"Home\",\"item\":\"https:\\\/\\\/emhuisken.de\\\/wordpress\\\/\"},{\"@type\":\"ListItem\",\"position\":2,\"name\":\"Jabbo von Hugsand &#8211; Leseprobe\"}]},{\"@type\":\"WebSite\",\"@id\":\"https:\\\/\\\/emhuisken.de\\\/wordpress\\\/#website\",\"url\":\"https:\\\/\\\/emhuisken.de\\\/wordpress\\\/\",\"name\":\"Musik \u2013 Wort \u2013 Geisteswissenschaft\",\"description\":\"Ton-, Wort-, Gedankenkunst\",\"publisher\":{\"@id\":\"https:\\\/\\\/emhuisken.de\\\/wordpress\\\/#organization\"},\"potentialAction\":[{\"@type\":\"SearchAction\",\"target\":{\"@type\":\"EntryPoint\",\"urlTemplate\":\"https:\\\/\\\/emhuisken.de\\\/wordpress\\\/?s={search_term_string}\"},\"query-input\":{\"@type\":\"PropertyValueSpecification\",\"valueRequired\":true,\"valueName\":\"search_term_string\"}}],\"inLanguage\":\"de\"},{\"@type\":\"Organization\",\"@id\":\"https:\\\/\\\/emhuisken.de\\\/wordpress\\\/#organization\",\"name\":\"Musik \u2013 Wort \u2013 Geisteswissenschaft\",\"url\":\"https:\\\/\\\/emhuisken.de\\\/wordpress\\\/\",\"logo\":{\"@type\":\"ImageObject\",\"inLanguage\":\"de\",\"@id\":\"https:\\\/\\\/emhuisken.de\\\/wordpress\\\/#\\\/schema\\\/logo\\\/image\\\/\",\"url\":\"https:\\\/\\\/emhuisken.de\\\/wordpress\\\/wp-content\\\/uploads\\\/2014\\\/10\\\/eh_logo_schatten_240x66-1.png\",\"contentUrl\":\"https:\\\/\\\/emhuisken.de\\\/wordpress\\\/wp-content\\\/uploads\\\/2014\\\/10\\\/eh_logo_schatten_240x66-1.png\",\"width\":240,\"height\":66,\"caption\":\"Musik \u2013 Wort \u2013 Geisteswissenschaft\"},\"image\":{\"@id\":\"https:\\\/\\\/emhuisken.de\\\/wordpress\\\/#\\\/schema\\\/logo\\\/image\\\/\"}},{\"@type\":\"Person\",\"@id\":\"https:\\\/\\\/emhuisken.de\\\/wordpress\\\/#\\\/schema\\\/person\\\/d97bf7d74295f11fe6963296f0232ec3\",\"name\":\"Stefan Carl Em Huisken\",\"url\":\"https:\\\/\\\/emhuisken.de\\\/wordpress\\\/author\\\/shoeschen\\\/\"}]}<\/script>\n<!-- \/ Yoast SEO plugin. -->","yoast_head_json":{"title":"Jabbo von Hugsand - Geschichte","description":"Eine Geschichte von der K\u00fcste, die besondere Atmosph\u00e4re des \"Randes der bewohnbaren Welt\" illustrierend.","robots":{"index":"index","follow":"follow","max-snippet":"max-snippet:-1","max-image-preview":"max-image-preview:large","max-video-preview":"max-video-preview:-1"},"canonical":"https:\/\/emhuisken.de\/wordpress\/2012\/02\/jabbo-von-hugsand-leseprobe\/","og_locale":"de_DE","og_type":"article","og_title":"Jabbo von Hugsand - Geschichte","og_description":"Eine Geschichte von der K\u00fcste, die besondere Atmosph\u00e4re des \"Randes der bewohnbaren Welt\" illustrierend.","og_url":"https:\/\/emhuisken.de\/wordpress\/2012\/02\/jabbo-von-hugsand-leseprobe\/","og_site_name":"Musik \u2013 Wort \u2013 Geisteswissenschaft","article_published_time":"2012-02-19T13:25:00+00:00","article_modified_time":"2020-11-24T10:05:26+00:00","author":"Stefan Carl Em Huisken","twitter_card":"summary_large_image","twitter_misc":{"Geschrieben von":"Stefan Carl Em Huisken","Gesch\u00e4tzte Lesezeit":"6\u00a0Minuten"},"schema":{"@context":"https:\/\/schema.org","@graph":[{"@type":"Article","@id":"https:\/\/emhuisken.de\/wordpress\/2012\/02\/jabbo-von-hugsand-leseprobe\/#article","isPartOf":{"@id":"https:\/\/emhuisken.de\/wordpress\/2012\/02\/jabbo-von-hugsand-leseprobe\/"},"author":{"name":"Stefan Carl Em Huisken","@id":"https:\/\/emhuisken.de\/wordpress\/#\/schema\/person\/d97bf7d74295f11fe6963296f0232ec3"},"headline":"Jabbo von Hugsand &#8211; Leseprobe","datePublished":"2012-02-19T13:25:00+00:00","dateModified":"2020-11-24T10:05:26+00:00","mainEntityOfPage":{"@id":"https:\/\/emhuisken.de\/wordpress\/2012\/02\/jabbo-von-hugsand-leseprobe\/"},"wordCount":1189,"commentCount":0,"publisher":{"@id":"https:\/\/emhuisken.de\/wordpress\/#organization"},"keywords":["Entwicklung","Freiheit","Geschichten","Geschichten vom Weltenrand","Leseprobe","Texte"],"articleSection":["Literatur"],"inLanguage":"de","potentialAction":[{"@type":"CommentAction","name":"Comment","target":["https:\/\/emhuisken.de\/wordpress\/2012\/02\/jabbo-von-hugsand-leseprobe\/#respond"]}]},{"@type":"WebPage","@id":"https:\/\/emhuisken.de\/wordpress\/2012\/02\/jabbo-von-hugsand-leseprobe\/","url":"https:\/\/emhuisken.de\/wordpress\/2012\/02\/jabbo-von-hugsand-leseprobe\/","name":"Jabbo von Hugsand - Geschichte","isPartOf":{"@id":"https:\/\/emhuisken.de\/wordpress\/#website"},"datePublished":"2012-02-19T13:25:00+00:00","dateModified":"2020-11-24T10:05:26+00:00","description":"Eine Geschichte von der K\u00fcste, die besondere Atmosph\u00e4re des \"Randes der bewohnbaren Welt\" illustrierend.","breadcrumb":{"@id":"https:\/\/emhuisken.de\/wordpress\/2012\/02\/jabbo-von-hugsand-leseprobe\/#breadcrumb"},"inLanguage":"de","potentialAction":[{"@type":"ReadAction","target":["https:\/\/emhuisken.de\/wordpress\/2012\/02\/jabbo-von-hugsand-leseprobe\/"]}]},{"@type":"BreadcrumbList","@id":"https:\/\/emhuisken.de\/wordpress\/2012\/02\/jabbo-von-hugsand-leseprobe\/#breadcrumb","itemListElement":[{"@type":"ListItem","position":1,"name":"Home","item":"https:\/\/emhuisken.de\/wordpress\/"},{"@type":"ListItem","position":2,"name":"Jabbo von Hugsand &#8211; Leseprobe"}]},{"@type":"WebSite","@id":"https:\/\/emhuisken.de\/wordpress\/#website","url":"https:\/\/emhuisken.de\/wordpress\/","name":"Musik \u2013 Wort \u2013 Geisteswissenschaft","description":"Ton-, Wort-, Gedankenkunst","publisher":{"@id":"https:\/\/emhuisken.de\/wordpress\/#organization"},"potentialAction":[{"@type":"SearchAction","target":{"@type":"EntryPoint","urlTemplate":"https:\/\/emhuisken.de\/wordpress\/?s={search_term_string}"},"query-input":{"@type":"PropertyValueSpecification","valueRequired":true,"valueName":"search_term_string"}}],"inLanguage":"de"},{"@type":"Organization","@id":"https:\/\/emhuisken.de\/wordpress\/#organization","name":"Musik \u2013 Wort \u2013 Geisteswissenschaft","url":"https:\/\/emhuisken.de\/wordpress\/","logo":{"@type":"ImageObject","inLanguage":"de","@id":"https:\/\/emhuisken.de\/wordpress\/#\/schema\/logo\/image\/","url":"https:\/\/emhuisken.de\/wordpress\/wp-content\/uploads\/2014\/10\/eh_logo_schatten_240x66-1.png","contentUrl":"https:\/\/emhuisken.de\/wordpress\/wp-content\/uploads\/2014\/10\/eh_logo_schatten_240x66-1.png","width":240,"height":66,"caption":"Musik \u2013 Wort \u2013 Geisteswissenschaft"},"image":{"@id":"https:\/\/emhuisken.de\/wordpress\/#\/schema\/logo\/image\/"}},{"@type":"Person","@id":"https:\/\/emhuisken.de\/wordpress\/#\/schema\/person\/d97bf7d74295f11fe6963296f0232ec3","name":"Stefan Carl Em Huisken","url":"https:\/\/emhuisken.de\/wordpress\/author\/shoeschen\/"}]}},"_links":{"self":[{"href":"https:\/\/emhuisken.de\/wordpress\/wp-json\/wp\/v2\/posts\/892","targetHints":{"allow":["GET"]}}],"collection":[{"href":"https:\/\/emhuisken.de\/wordpress\/wp-json\/wp\/v2\/posts"}],"about":[{"href":"https:\/\/emhuisken.de\/wordpress\/wp-json\/wp\/v2\/types\/post"}],"author":[{"embeddable":true,"href":"https:\/\/emhuisken.de\/wordpress\/wp-json\/wp\/v2\/users\/1"}],"replies":[{"embeddable":true,"href":"https:\/\/emhuisken.de\/wordpress\/wp-json\/wp\/v2\/comments?post=892"}],"version-history":[{"count":1,"href":"https:\/\/emhuisken.de\/wordpress\/wp-json\/wp\/v2\/posts\/892\/revisions"}],"predecessor-version":[{"id":1155,"href":"https:\/\/emhuisken.de\/wordpress\/wp-json\/wp\/v2\/posts\/892\/revisions\/1155"}],"wp:attachment":[{"href":"https:\/\/emhuisken.de\/wordpress\/wp-json\/wp\/v2\/media?parent=892"}],"wp:term":[{"taxonomy":"category","embeddable":true,"href":"https:\/\/emhuisken.de\/wordpress\/wp-json\/wp\/v2\/categories?post=892"},{"taxonomy":"post_tag","embeddable":true,"href":"https:\/\/emhuisken.de\/wordpress\/wp-json\/wp\/v2\/tags?post=892"}],"curies":[{"name":"wp","href":"https:\/\/api.w.org\/{rel}","templated":true}]}}