{"id":460,"date":"2016-12-08T12:19:14","date_gmt":"2016-12-08T11:19:14","guid":{"rendered":"http:\/\/emhuisken.de\/wordpress\/wort\/?p=460"},"modified":"2020-11-23T23:15:36","modified_gmt":"2020-11-23T22:15:36","slug":"geschichten-vom-weltenrand-lesungen","status":"publish","type":"post","link":"https:\/\/emhuisken.de\/wordpress\/2016\/12\/geschichten-vom-weltenrand-lesungen\/","title":{"rendered":"Geschichten vom Weltenrand &#8211; Lesungen"},"content":{"rendered":"<div class=\"pdfprnt-buttons pdfprnt-buttons-post pdfprnt-top-right\"><a href=\"https:\/\/emhuisken.de\/wordpress\/wp-json\/wp\/v2\/posts\/460?print=print\" class=\"pdfprnt-button pdfprnt-button-print\" target=\"_blank\" ><img decoding=\"async\" src=\"https:\/\/emhuisken.de\/wordpress\/wp-content\/plugins\/pdf-print\/images\/print.png\" alt=\"image_print\" title=\"Print Content\" \/><span class=\"pdfprnt-button-title pdfprnt-button-print-title\">F\u00fcr l\u00e4ngere Texte empfehle ich vorherigen Ausdruck<\/span><\/a><\/div><h6>Lesungen im Dezember<\/h6>\n<p>Im Dezember &#8211; noch &#8222;rechtzeitig&#8220; vor Weihnachten &#8211; bin ich erstmals unterwegs, um mein Buch vor zu stellen. Einige sch\u00f6ne, passende Orte konnten gefunden werden f\u00fcr meine &#8222;musikalischen Lesungen&#8220;. Die Termine findet man ja komplett auf der <a href=\"http:\/\/emhuisken.de\/termine\">=&gt;Terminseite<\/a>.<\/p>\n<p>Den Anfang habe ich ja schon gemacht, im Leezder Kulturforum, einer Einrichtung, mit der ich ja seit ihrer Er\u00f6ffnung verbunden bin: damals durfte ich dort mit einem kleinen Konzert zur Er\u00f6ffnung beitragen.<\/p>\n<div style=\"width: 191px\" class=\"wp-caption alignright\"><img loading=\"lazy\" decoding=\"async\" class=\"\" src=\"https:\/\/3.bp.blogspot.com\/-VEHAGg5wH6Y\/WERXsriUgGI\/AAAAAAAAIz0\/VLxIihnYseQo1wRBOUHElq-m_9pSDRR5wCKgB\/s1600\/IMG_20161204_114349.jpg\" width=\"181\" height=\"241\" \/><p class=\"wp-caption-text\">Leezder Kulturforum, 4.12.2016<\/p><\/div>\n<p>Die Vorsitzende des Forums schrieb dazu einen sehr netten Kommentar.<\/p>\n<h6>Schleswig-Holstein<\/h6>\n<p>Mit der Insel Nordstrand in Nordfriesland ist das Buch ja durch seinen Verlag eng verbunden. Da liegt es nat\u00fcrlich nahe, an der &#8222;Quelle&#8220; sozusagen aufzutreten. Das wird am kommenden Samstag sein, und zwar in der <a href=\"http:\/\/lesecafe.bibliophilium.de\/\">=&gt;Teestuv<\/a> auf Nordstrand, die auch sehr mit dem B\u00fccherwesen verbunden ist.<\/p>\n<p>Noch davor, am kommenden Samstag, bin ich in Bad Segeberg. Dort hatte <a href=\"http:\/\/hardy-pundt.webnode.com\/\">=&gt;Hardy Pundt<\/a>, mit dem ich ja schon \u00f6fter zusammen gearbeitet habe, ein bisschen mitgeholfen, dass etwas zustande kommt. Die =&gt;Teestube Blattlese und die damit verbundene Buchhandlung Wortwerke sind ganz sicher ein passender Ort, finde ich. Ich freue mich drauf!<\/p>\n<p>Und dann kommt noch das &#8222;Special&#8220;: wie schon \u00f6fter kurz vor Weihnachten im <a href=\"https:\/\/www.facebook.com\/FliegenderHollaenderDitzum\">=&gt;&#8220;Fliegenden Holl\u00e4nder&#8220;<\/a> in Ditzum. Da bin ich dieses Mal besonders gerne, schlie\u00dflich sind meine Kindheitserlebnisse in Ditzum unter anderem in eine der Geschichten im Buch eingeflossen, in die Atmosph\u00e4re und die Schilderungen der Schaupl\u00e4tze. Da ist das Lesen noch wieder etwas Besonderes &#8230;.<\/p>\n<p>Insgesamt also: Weitersagen, hinkommen, oder wenn alle Stricke rei\u00dfen vielleicht <a href=\"http:\/\/emhuisken.de\/wordpress\/shop\/\">=&gt;hier<\/a> ein passendes Weihnachtsgeschenk ordern &#8230;.<\/p>\n<p>Ich w\u00fcnsche auch weiterhin ein besinnliche Adventszeit!<\/p>\n","protected":false},"excerpt":{"rendered":"<p>Lesungen im Dezember Im Dezember &#8211; noch &#8222;rechtzeitig&#8220; vor Weihnachten &#8211; bin ich erstmals unterwegs, um mein Buch vor zu stellen. Einige sch\u00f6ne, passende Orte konnten gefunden werden f\u00fcr meine &#8222;musikalischen Lesungen&#8220;. Die Termine findet man ja komplett auf der =&gt;Terminseite. Den Anfang habe ich ja schon gemacht, im Leezder Kulturforum, einer Einrichtung, mit [&#8230;]<\/p>\n","protected":false},"author":1,"featured_media":856,"comment_status":"open","ping_status":"closed","sticky":false,"template":"","format":"standard","meta":{"footnotes":""},"categories":[102],"tags":[236,171,170,315,327,172],"class_list":["post-460","post","type-post","status-publish","format-standard","has-post-thumbnail","hentry","category-literatur","tag-geschichten","tag-geschichten-vom-weltenrand","tag-lesungen","tag-projekte","tag-unterwegs","tag-weltenrand"],"yoast_head":"<!-- This site is optimized with the Yoast SEO plugin v27.4 - https:\/\/yoast.com\/product\/yoast-seo-wordpress\/ -->\n<title>Geschichten vom Weltenrand - Lesungen - Musik \u2013 Wort \u2013 Geisteswissenschaft<\/title>\n<meta name=\"description\" content=\"Die ersten Lesungen zur Vorstellungen meiner Buches &quot;Geschichten vom Weltenrand&quot; stehen an - in Schleswig-Holstein und Ostfriesland\" \/>\n<meta name=\"robots\" content=\"index, follow, max-snippet:-1, max-image-preview:large, max-video-preview:-1\" \/>\n<link rel=\"canonical\" href=\"https:\/\/emhuisken.de\/wordpress\/2016\/12\/geschichten-vom-weltenrand-lesungen\/\" \/>\n<meta property=\"og:locale\" content=\"de_DE\" \/>\n<meta property=\"og:type\" content=\"article\" \/>\n<meta property=\"og:title\" content=\"Geschichten vom Weltenrand - Lesungen - Musik \u2013 Wort \u2013 Geisteswissenschaft\" \/>\n<meta property=\"og:description\" content=\"Die ersten Lesungen zur Vorstellungen meiner Buches &quot;Geschichten vom Weltenrand&quot; stehen an - in Schleswig-Holstein und Ostfriesland\" \/>\n<meta property=\"og:url\" content=\"https:\/\/emhuisken.de\/wordpress\/2016\/12\/geschichten-vom-weltenrand-lesungen\/\" \/>\n<meta property=\"og:site_name\" content=\"Musik \u2013 Wort \u2013 Geisteswissenschaft\" \/>\n<meta property=\"article:published_time\" content=\"2016-12-08T11:19:14+00:00\" \/>\n<meta property=\"article:modified_time\" content=\"2020-11-23T22:15:36+00:00\" \/>\n<meta property=\"og:image\" content=\"https:\/\/emhuisken.de\/wordpress\/wp-content\/uploads\/2016\/10\/Buch_erschienen.png\" \/>\n\t<meta property=\"og:image:width\" content=\"1260\" \/>\n\t<meta property=\"og:image:height\" content=\"240\" \/>\n\t<meta property=\"og:image:type\" content=\"image\/png\" \/>\n<meta name=\"author\" content=\"Stefan Carl Em Huisken\" \/>\n<meta name=\"twitter:card\" content=\"summary_large_image\" \/>\n<meta name=\"twitter:label1\" content=\"Geschrieben von\" \/>\n\t<meta name=\"twitter:data1\" content=\"Stefan Carl Em Huisken\" \/>\n\t<meta name=\"twitter:label2\" content=\"Gesch\u00e4tzte Lesezeit\" \/>\n\t<meta name=\"twitter:data2\" content=\"1\u00a0Minute\" \/>\n<script type=\"application\/ld+json\" class=\"yoast-schema-graph\">{\"@context\":\"https:\\\/\\\/schema.org\",\"@graph\":[{\"@type\":\"Article\",\"@id\":\"https:\\\/\\\/emhuisken.de\\\/wordpress\\\/2016\\\/12\\\/geschichten-vom-weltenrand-lesungen\\\/#article\",\"isPartOf\":{\"@id\":\"https:\\\/\\\/emhuisken.de\\\/wordpress\\\/2016\\\/12\\\/geschichten-vom-weltenrand-lesungen\\\/\"},\"author\":{\"name\":\"Stefan Carl Em Huisken\",\"@id\":\"https:\\\/\\\/emhuisken.de\\\/wordpress\\\/#\\\/schema\\\/person\\\/d97bf7d74295f11fe6963296f0232ec3\"},\"headline\":\"Geschichten vom Weltenrand &#8211; Lesungen\",\"datePublished\":\"2016-12-08T11:19:14+00:00\",\"dateModified\":\"2020-11-23T22:15:36+00:00\",\"mainEntityOfPage\":{\"@id\":\"https:\\\/\\\/emhuisken.de\\\/wordpress\\\/2016\\\/12\\\/geschichten-vom-weltenrand-lesungen\\\/\"},\"wordCount\":289,\"commentCount\":0,\"publisher\":{\"@id\":\"https:\\\/\\\/emhuisken.de\\\/wordpress\\\/#organization\"},\"image\":{\"@id\":\"https:\\\/\\\/emhuisken.de\\\/wordpress\\\/2016\\\/12\\\/geschichten-vom-weltenrand-lesungen\\\/#primaryimage\"},\"thumbnailUrl\":\"https:\\\/\\\/emhuisken.de\\\/wordpress\\\/wp-content\\\/uploads\\\/2016\\\/10\\\/Buch_erschienen.png\",\"keywords\":[\"Geschichten\",\"Geschichten vom Weltenrand\",\"Lesungen\",\"Projekte\",\"unterwegs\",\"Weltenrand\"],\"articleSection\":[\"Literatur\"],\"inLanguage\":\"de\",\"potentialAction\":[{\"@type\":\"CommentAction\",\"name\":\"Comment\",\"target\":[\"https:\\\/\\\/emhuisken.de\\\/wordpress\\\/2016\\\/12\\\/geschichten-vom-weltenrand-lesungen\\\/#respond\"]}]},{\"@type\":\"WebPage\",\"@id\":\"https:\\\/\\\/emhuisken.de\\\/wordpress\\\/2016\\\/12\\\/geschichten-vom-weltenrand-lesungen\\\/\",\"url\":\"https:\\\/\\\/emhuisken.de\\\/wordpress\\\/2016\\\/12\\\/geschichten-vom-weltenrand-lesungen\\\/\",\"name\":\"Geschichten vom Weltenrand - Lesungen - Musik \u2013 Wort \u2013 Geisteswissenschaft\",\"isPartOf\":{\"@id\":\"https:\\\/\\\/emhuisken.de\\\/wordpress\\\/#website\"},\"primaryImageOfPage\":{\"@id\":\"https:\\\/\\\/emhuisken.de\\\/wordpress\\\/2016\\\/12\\\/geschichten-vom-weltenrand-lesungen\\\/#primaryimage\"},\"image\":{\"@id\":\"https:\\\/\\\/emhuisken.de\\\/wordpress\\\/2016\\\/12\\\/geschichten-vom-weltenrand-lesungen\\\/#primaryimage\"},\"thumbnailUrl\":\"https:\\\/\\\/emhuisken.de\\\/wordpress\\\/wp-content\\\/uploads\\\/2016\\\/10\\\/Buch_erschienen.png\",\"datePublished\":\"2016-12-08T11:19:14+00:00\",\"dateModified\":\"2020-11-23T22:15:36+00:00\",\"description\":\"Die ersten Lesungen zur Vorstellungen meiner Buches \\\"Geschichten vom Weltenrand\\\" stehen an - in Schleswig-Holstein und Ostfriesland\",\"breadcrumb\":{\"@id\":\"https:\\\/\\\/emhuisken.de\\\/wordpress\\\/2016\\\/12\\\/geschichten-vom-weltenrand-lesungen\\\/#breadcrumb\"},\"inLanguage\":\"de\",\"potentialAction\":[{\"@type\":\"ReadAction\",\"target\":[\"https:\\\/\\\/emhuisken.de\\\/wordpress\\\/2016\\\/12\\\/geschichten-vom-weltenrand-lesungen\\\/\"]}]},{\"@type\":\"ImageObject\",\"inLanguage\":\"de\",\"@id\":\"https:\\\/\\\/emhuisken.de\\\/wordpress\\\/2016\\\/12\\\/geschichten-vom-weltenrand-lesungen\\\/#primaryimage\",\"url\":\"https:\\\/\\\/emhuisken.de\\\/wordpress\\\/wp-content\\\/uploads\\\/2016\\\/10\\\/Buch_erschienen.png\",\"contentUrl\":\"https:\\\/\\\/emhuisken.de\\\/wordpress\\\/wp-content\\\/uploads\\\/2016\\\/10\\\/Buch_erschienen.png\",\"width\":1260,\"height\":240},{\"@type\":\"BreadcrumbList\",\"@id\":\"https:\\\/\\\/emhuisken.de\\\/wordpress\\\/2016\\\/12\\\/geschichten-vom-weltenrand-lesungen\\\/#breadcrumb\",\"itemListElement\":[{\"@type\":\"ListItem\",\"position\":1,\"name\":\"Home\",\"item\":\"https:\\\/\\\/emhuisken.de\\\/wordpress\\\/\"},{\"@type\":\"ListItem\",\"position\":2,\"name\":\"Geschichten vom Weltenrand &#8211; Lesungen\"}]},{\"@type\":\"WebSite\",\"@id\":\"https:\\\/\\\/emhuisken.de\\\/wordpress\\\/#website\",\"url\":\"https:\\\/\\\/emhuisken.de\\\/wordpress\\\/\",\"name\":\"Musik \u2013 Wort \u2013 Geisteswissenschaft\",\"description\":\"Ton-, Wort-, Gedankenkunst\",\"publisher\":{\"@id\":\"https:\\\/\\\/emhuisken.de\\\/wordpress\\\/#organization\"},\"potentialAction\":[{\"@type\":\"SearchAction\",\"target\":{\"@type\":\"EntryPoint\",\"urlTemplate\":\"https:\\\/\\\/emhuisken.de\\\/wordpress\\\/?s={search_term_string}\"},\"query-input\":{\"@type\":\"PropertyValueSpecification\",\"valueRequired\":true,\"valueName\":\"search_term_string\"}}],\"inLanguage\":\"de\"},{\"@type\":\"Organization\",\"@id\":\"https:\\\/\\\/emhuisken.de\\\/wordpress\\\/#organization\",\"name\":\"Musik \u2013 Wort \u2013 Geisteswissenschaft\",\"url\":\"https:\\\/\\\/emhuisken.de\\\/wordpress\\\/\",\"logo\":{\"@type\":\"ImageObject\",\"inLanguage\":\"de\",\"@id\":\"https:\\\/\\\/emhuisken.de\\\/wordpress\\\/#\\\/schema\\\/logo\\\/image\\\/\",\"url\":\"https:\\\/\\\/emhuisken.de\\\/wordpress\\\/wp-content\\\/uploads\\\/2014\\\/10\\\/eh_logo_schatten_240x66-1.png\",\"contentUrl\":\"https:\\\/\\\/emhuisken.de\\\/wordpress\\\/wp-content\\\/uploads\\\/2014\\\/10\\\/eh_logo_schatten_240x66-1.png\",\"width\":240,\"height\":66,\"caption\":\"Musik \u2013 Wort \u2013 Geisteswissenschaft\"},\"image\":{\"@id\":\"https:\\\/\\\/emhuisken.de\\\/wordpress\\\/#\\\/schema\\\/logo\\\/image\\\/\"}},{\"@type\":\"Person\",\"@id\":\"https:\\\/\\\/emhuisken.de\\\/wordpress\\\/#\\\/schema\\\/person\\\/d97bf7d74295f11fe6963296f0232ec3\",\"name\":\"Stefan Carl Em Huisken\",\"url\":\"https:\\\/\\\/emhuisken.de\\\/wordpress\\\/author\\\/shoeschen\\\/\"}]}<\/script>\n<!-- \/ Yoast SEO plugin. -->","yoast_head_json":{"title":"Geschichten vom Weltenrand - Lesungen - Musik \u2013 Wort \u2013 Geisteswissenschaft","description":"Die ersten Lesungen zur Vorstellungen meiner Buches \"Geschichten vom Weltenrand\" stehen an - in Schleswig-Holstein und Ostfriesland","robots":{"index":"index","follow":"follow","max-snippet":"max-snippet:-1","max-image-preview":"max-image-preview:large","max-video-preview":"max-video-preview:-1"},"canonical":"https:\/\/emhuisken.de\/wordpress\/2016\/12\/geschichten-vom-weltenrand-lesungen\/","og_locale":"de_DE","og_type":"article","og_title":"Geschichten vom Weltenrand - Lesungen - Musik \u2013 Wort \u2013 Geisteswissenschaft","og_description":"Die ersten Lesungen zur Vorstellungen meiner Buches \"Geschichten vom Weltenrand\" stehen an - in Schleswig-Holstein und Ostfriesland","og_url":"https:\/\/emhuisken.de\/wordpress\/2016\/12\/geschichten-vom-weltenrand-lesungen\/","og_site_name":"Musik \u2013 Wort \u2013 Geisteswissenschaft","article_published_time":"2016-12-08T11:19:14+00:00","article_modified_time":"2020-11-23T22:15:36+00:00","og_image":[{"width":1260,"height":240,"url":"https:\/\/emhuisken.de\/wordpress\/wp-content\/uploads\/2016\/10\/Buch_erschienen.png","type":"image\/png"}],"author":"Stefan Carl Em Huisken","twitter_card":"summary_large_image","twitter_misc":{"Geschrieben von":"Stefan Carl Em Huisken","Gesch\u00e4tzte Lesezeit":"1\u00a0Minute"},"schema":{"@context":"https:\/\/schema.org","@graph":[{"@type":"Article","@id":"https:\/\/emhuisken.de\/wordpress\/2016\/12\/geschichten-vom-weltenrand-lesungen\/#article","isPartOf":{"@id":"https:\/\/emhuisken.de\/wordpress\/2016\/12\/geschichten-vom-weltenrand-lesungen\/"},"author":{"name":"Stefan Carl Em Huisken","@id":"https:\/\/emhuisken.de\/wordpress\/#\/schema\/person\/d97bf7d74295f11fe6963296f0232ec3"},"headline":"Geschichten vom Weltenrand &#8211; Lesungen","datePublished":"2016-12-08T11:19:14+00:00","dateModified":"2020-11-23T22:15:36+00:00","mainEntityOfPage":{"@id":"https:\/\/emhuisken.de\/wordpress\/2016\/12\/geschichten-vom-weltenrand-lesungen\/"},"wordCount":289,"commentCount":0,"publisher":{"@id":"https:\/\/emhuisken.de\/wordpress\/#organization"},"image":{"@id":"https:\/\/emhuisken.de\/wordpress\/2016\/12\/geschichten-vom-weltenrand-lesungen\/#primaryimage"},"thumbnailUrl":"https:\/\/emhuisken.de\/wordpress\/wp-content\/uploads\/2016\/10\/Buch_erschienen.png","keywords":["Geschichten","Geschichten vom Weltenrand","Lesungen","Projekte","unterwegs","Weltenrand"],"articleSection":["Literatur"],"inLanguage":"de","potentialAction":[{"@type":"CommentAction","name":"Comment","target":["https:\/\/emhuisken.de\/wordpress\/2016\/12\/geschichten-vom-weltenrand-lesungen\/#respond"]}]},{"@type":"WebPage","@id":"https:\/\/emhuisken.de\/wordpress\/2016\/12\/geschichten-vom-weltenrand-lesungen\/","url":"https:\/\/emhuisken.de\/wordpress\/2016\/12\/geschichten-vom-weltenrand-lesungen\/","name":"Geschichten vom Weltenrand - Lesungen - Musik \u2013 Wort \u2013 Geisteswissenschaft","isPartOf":{"@id":"https:\/\/emhuisken.de\/wordpress\/#website"},"primaryImageOfPage":{"@id":"https:\/\/emhuisken.de\/wordpress\/2016\/12\/geschichten-vom-weltenrand-lesungen\/#primaryimage"},"image":{"@id":"https:\/\/emhuisken.de\/wordpress\/2016\/12\/geschichten-vom-weltenrand-lesungen\/#primaryimage"},"thumbnailUrl":"https:\/\/emhuisken.de\/wordpress\/wp-content\/uploads\/2016\/10\/Buch_erschienen.png","datePublished":"2016-12-08T11:19:14+00:00","dateModified":"2020-11-23T22:15:36+00:00","description":"Die ersten Lesungen zur Vorstellungen meiner Buches \"Geschichten vom Weltenrand\" stehen an - in Schleswig-Holstein und Ostfriesland","breadcrumb":{"@id":"https:\/\/emhuisken.de\/wordpress\/2016\/12\/geschichten-vom-weltenrand-lesungen\/#breadcrumb"},"inLanguage":"de","potentialAction":[{"@type":"ReadAction","target":["https:\/\/emhuisken.de\/wordpress\/2016\/12\/geschichten-vom-weltenrand-lesungen\/"]}]},{"@type":"ImageObject","inLanguage":"de","@id":"https:\/\/emhuisken.de\/wordpress\/2016\/12\/geschichten-vom-weltenrand-lesungen\/#primaryimage","url":"https:\/\/emhuisken.de\/wordpress\/wp-content\/uploads\/2016\/10\/Buch_erschienen.png","contentUrl":"https:\/\/emhuisken.de\/wordpress\/wp-content\/uploads\/2016\/10\/Buch_erschienen.png","width":1260,"height":240},{"@type":"BreadcrumbList","@id":"https:\/\/emhuisken.de\/wordpress\/2016\/12\/geschichten-vom-weltenrand-lesungen\/#breadcrumb","itemListElement":[{"@type":"ListItem","position":1,"name":"Home","item":"https:\/\/emhuisken.de\/wordpress\/"},{"@type":"ListItem","position":2,"name":"Geschichten vom Weltenrand &#8211; Lesungen"}]},{"@type":"WebSite","@id":"https:\/\/emhuisken.de\/wordpress\/#website","url":"https:\/\/emhuisken.de\/wordpress\/","name":"Musik \u2013 Wort \u2013 Geisteswissenschaft","description":"Ton-, Wort-, Gedankenkunst","publisher":{"@id":"https:\/\/emhuisken.de\/wordpress\/#organization"},"potentialAction":[{"@type":"SearchAction","target":{"@type":"EntryPoint","urlTemplate":"https:\/\/emhuisken.de\/wordpress\/?s={search_term_string}"},"query-input":{"@type":"PropertyValueSpecification","valueRequired":true,"valueName":"search_term_string"}}],"inLanguage":"de"},{"@type":"Organization","@id":"https:\/\/emhuisken.de\/wordpress\/#organization","name":"Musik \u2013 Wort \u2013 Geisteswissenschaft","url":"https:\/\/emhuisken.de\/wordpress\/","logo":{"@type":"ImageObject","inLanguage":"de","@id":"https:\/\/emhuisken.de\/wordpress\/#\/schema\/logo\/image\/","url":"https:\/\/emhuisken.de\/wordpress\/wp-content\/uploads\/2014\/10\/eh_logo_schatten_240x66-1.png","contentUrl":"https:\/\/emhuisken.de\/wordpress\/wp-content\/uploads\/2014\/10\/eh_logo_schatten_240x66-1.png","width":240,"height":66,"caption":"Musik \u2013 Wort \u2013 Geisteswissenschaft"},"image":{"@id":"https:\/\/emhuisken.de\/wordpress\/#\/schema\/logo\/image\/"}},{"@type":"Person","@id":"https:\/\/emhuisken.de\/wordpress\/#\/schema\/person\/d97bf7d74295f11fe6963296f0232ec3","name":"Stefan Carl Em Huisken","url":"https:\/\/emhuisken.de\/wordpress\/author\/shoeschen\/"}]}},"_links":{"self":[{"href":"https:\/\/emhuisken.de\/wordpress\/wp-json\/wp\/v2\/posts\/460","targetHints":{"allow":["GET"]}}],"collection":[{"href":"https:\/\/emhuisken.de\/wordpress\/wp-json\/wp\/v2\/posts"}],"about":[{"href":"https:\/\/emhuisken.de\/wordpress\/wp-json\/wp\/v2\/types\/post"}],"author":[{"embeddable":true,"href":"https:\/\/emhuisken.de\/wordpress\/wp-json\/wp\/v2\/users\/1"}],"replies":[{"embeddable":true,"href":"https:\/\/emhuisken.de\/wordpress\/wp-json\/wp\/v2\/comments?post=460"}],"version-history":[{"count":5,"href":"https:\/\/emhuisken.de\/wordpress\/wp-json\/wp\/v2\/posts\/460\/revisions"}],"predecessor-version":[{"id":1723,"href":"https:\/\/emhuisken.de\/wordpress\/wp-json\/wp\/v2\/posts\/460\/revisions\/1723"}],"wp:featuredmedia":[{"embeddable":true,"href":"https:\/\/emhuisken.de\/wordpress\/wp-json\/wp\/v2\/media\/856"}],"wp:attachment":[{"href":"https:\/\/emhuisken.de\/wordpress\/wp-json\/wp\/v2\/media?parent=460"}],"wp:term":[{"taxonomy":"category","embeddable":true,"href":"https:\/\/emhuisken.de\/wordpress\/wp-json\/wp\/v2\/categories?post=460"},{"taxonomy":"post_tag","embeddable":true,"href":"https:\/\/emhuisken.de\/wordpress\/wp-json\/wp\/v2\/tags?post=460"}],"curies":[{"name":"wp","href":"https:\/\/api.w.org\/{rel}","templated":true}]}}