{"id":4439,"date":"2024-08-24T20:23:12","date_gmt":"2024-08-24T19:23:12","guid":{"rendered":"https:\/\/emhuisken.de\/wordpress\/?p=4439"},"modified":"2024-08-24T20:25:25","modified_gmt":"2024-08-24T19:25:25","slug":"projekt-schottisch-friesische-freiheit-endet","status":"publish","type":"post","link":"https:\/\/emhuisken.de\/wordpress\/2024\/08\/projekt-schottisch-friesische-freiheit-endet\/","title":{"rendered":"Projekt \u201eSchottisch-Friesische Freiheit\u201c endet"},"content":{"rendered":"<div class=\"pdfprnt-buttons pdfprnt-buttons-post pdfprnt-top-right\"><a href=\"https:\/\/emhuisken.de\/wordpress\/wp-json\/wp\/v2\/posts\/4439?print=print\" class=\"pdfprnt-button pdfprnt-button-print\" target=\"_blank\" ><img decoding=\"async\" src=\"https:\/\/emhuisken.de\/wordpress\/wp-content\/plugins\/pdf-print\/images\/print.png\" alt=\"image_print\" title=\"Print Content\" \/><span class=\"pdfprnt-button-title pdfprnt-button-print-title\">F\u00fcr l\u00e4ngere Texte empfehle ich vorherigen Ausdruck<\/span><\/a><\/div><div class=\"wp-block-image\">\n<figure class=\"alignright size-large is-resized\"><a href=\"https:\/\/emhuisken.de\/wordpress\/wp-content\/uploads\/2023\/04\/Veranstaltungsfoto_2.jpg\"><img loading=\"lazy\" decoding=\"async\" width=\"906\" height=\"1024\" src=\"https:\/\/emhuisken.de\/wordpress\/wp-content\/uploads\/2023\/04\/Veranstaltungsfoto_2-906x1024.jpg\" alt=\"schottisch-friesische endet\" class=\"wp-image-4109\" style=\"width:181px;height:auto\" srcset=\"https:\/\/emhuisken.de\/wordpress\/wp-content\/uploads\/2023\/04\/Veranstaltungsfoto_2-906x1024.jpg 906w, https:\/\/emhuisken.de\/wordpress\/wp-content\/uploads\/2023\/04\/Veranstaltungsfoto_2-265x300.jpg 265w, https:\/\/emhuisken.de\/wordpress\/wp-content\/uploads\/2023\/04\/Veranstaltungsfoto_2-768x868.jpg 768w, https:\/\/emhuisken.de\/wordpress\/wp-content\/uploads\/2023\/04\/Veranstaltungsfoto_2-600x678.jpg 600w, https:\/\/emhuisken.de\/wordpress\/wp-content\/uploads\/2023\/04\/Veranstaltungsfoto_2-1359x1536.jpg 1359w, https:\/\/emhuisken.de\/wordpress\/wp-content\/uploads\/2023\/04\/Veranstaltungsfoto_2-248x280.jpg 248w, https:\/\/emhuisken.de\/wordpress\/wp-content\/uploads\/2023\/04\/Veranstaltungsfoto_2-336x380.jpg 336w, https:\/\/emhuisken.de\/wordpress\/wp-content\/uploads\/2023\/04\/Veranstaltungsfoto_2-200x226.jpg 200w, https:\/\/emhuisken.de\/wordpress\/wp-content\/uploads\/2023\/04\/Veranstaltungsfoto_2-300x339.jpg 300w, https:\/\/emhuisken.de\/wordpress\/wp-content\/uploads\/2023\/04\/Veranstaltungsfoto_2.jpg 1500w\" sizes=\"auto, (max-width: 906px) 100vw, 906px\" \/><\/a><\/figure>\n<\/div>\n\n\n<p>Im Jahre 2020, unter extremen Ausnahmebedingungen, entstand, mit viel Enthusiasmus und Herzblut gestaltet, das erste Konzert des Projektes \u201eSchottisch-friesische Freiheit\u201c, das dann zur Vorlage wurde f\u00fcr das 2022 gestartete Projekt mit gleichem Namen. Mit dabei war auch das Duo \u201ejank frison\u201c. Mit viel Einsatz von allen Seiten, mit sehr viel unentbehrlicher Unterst\u00fctzung vor Ort durch Aktivisten an den Veranstaltungsorten fanden einige au\u00dfergew\u00f6hnliche Konzerte statt. Wir sind dankbar f\u00fcr diese Gelegenheiten, unsere Musik zu pr\u00e4sentieren, und f\u00fcr die Aufmerksamkeit, die Zustimmung und den Applaus, die wir daf\u00fcr empfangen durften. Allen sei darum nochmals unser herzlicher Dank gesagt!<\/p>\n\n\n\n<p>Aber wie es so ist im Leben: die Priorit\u00e4ten verschieben sich im Leben der Einzelnen, je mehr Mitstreiter, desto mehr Verschiebungen gibt es. Und was gut begann, soll dann auch gut zu Ende gebracht werden: es wird keine weiteren Konzerte in der bisherigen Form mehr geben. Das Projekt als solches endet also mit dieser Nachricht. Die beteiligten Personen und Gruppen haben derzeit ganz andere Arbeitsschwerpunkte, die sie mit Beschlag belegen, und aktuell liegen uns auch keine Anfragen von Veranstaltern vor.<\/p>\n\n\n\n<p>Das bedeutet nicht, dass es keine neuen Kooperationen zwischen den bisher beteiligten Musikern mehr geben soll \u2013 das kann sich von Fall zu Fall, und wenn Bedarf danach vorhanden ist, immer wieder ergeben. Aber das Projekt \u201eSchottisch-Friesische Freiheit\u201c, mit Webpr\u00e4senz, und \u201elaufendem Betrieb\u201c, gibt es vorerst nicht mehr.<\/p>\n\n\n\n<p>Wer weiter auf dem Laufenden bleiben will, kann hier oder unter <a href=\"http:\/\/www.moorland-pipes-and-drums.de\" target=\"_blank\" rel=\"noreferrer noopener\">www.moorland-pipes-and-drums.de<\/a> immer wieder Neues erfahren; in der Seitenleiste k\u00f6nnen Sie sich sich f\u00fcr mein Rundschreiben zu allen Themen anmelden, und erfahren dann auch automatisch, wenn sich auf dem Gebiet solcher musikalischer Projekte mit Beteiligung von mir bzw. dem Duo jank frison etwas ergibt. <\/p>\n\n\n\n<p>Bleiben Sie der Musik verbunden, und wenn Sie wollen, besuchen Sie die Konzerte der einzelnen Gruppen \u2013 wir freuen uns auf Sie!<\/p>\n\n\n\n<p>Mit herzlichem Gru\u00df<\/p>\n\n\n\n<p>Stefan Carl em Huisken<\/p>\n","protected":false},"excerpt":{"rendered":"<p> Im Jahre 2020, unter extremen Ausnahmebedingungen, entstand, mit viel Enthusiasmus und Herzblut gestaltet, das erste Konzert des Projektes \u201eSchottisch-friesische Freiheit\u201c, das dann zur Vorlage wurde f\u00fcr das 2022 gestartete Projekt mit gleichem Namen. Mit dabei war auch das Duo \u201ejank frison\u201c. Mit viel Einsatz von allen Seiten, mit sehr viel unentbehrlicher Unterst\u00fctzung vor [&#8230;]<\/p>\n","protected":false},"author":1,"featured_media":0,"comment_status":"open","ping_status":"closed","sticky":false,"template":"","format":"standard","meta":{"footnotes":""},"categories":[64,73],"tags":[147,215,483],"class_list":["post-4439","post","type-post","status-publish","format-standard","hentry","category-aktuelles","category-musik","tag-jank-frison","tag-musik","tag-schottisch-friesische-freiheit"],"yoast_head":"<!-- This site is optimized with the Yoast SEO plugin v27.4 - https:\/\/yoast.com\/product\/yoast-seo-wordpress\/ -->\n<title>Projekt \u201eSchottisch-Friesische Freiheit\u201c endet<\/title>\n<meta name=\"description\" content=\"Das 2022 mit meiner Mitwirkung begonnene Projekt \u201eSchottisch-friesische Freiheit\u201c wird nicht weitergef\u00fchrt.\" \/>\n<meta name=\"robots\" content=\"index, follow, max-snippet:-1, max-image-preview:large, max-video-preview:-1\" \/>\n<link rel=\"canonical\" href=\"https:\/\/emhuisken.de\/wordpress\/2024\/08\/projekt-schottisch-friesische-freiheit-endet\/\" \/>\n<meta property=\"og:locale\" content=\"de_DE\" \/>\n<meta property=\"og:type\" content=\"article\" \/>\n<meta property=\"og:title\" content=\"Projekt \u201eSchottisch-Friesische Freiheit\u201c endet\" \/>\n<meta property=\"og:description\" content=\"Das 2022 mit meiner Mitwirkung begonnene Projekt \u201eSchottisch-friesische Freiheit\u201c wird nicht weitergef\u00fchrt.\" \/>\n<meta property=\"og:url\" content=\"https:\/\/emhuisken.de\/wordpress\/2024\/08\/projekt-schottisch-friesische-freiheit-endet\/\" \/>\n<meta property=\"og:site_name\" content=\"Musik \u2013 Wort \u2013 Geisteswissenschaft\" \/>\n<meta property=\"article:published_time\" content=\"2024-08-24T19:23:12+00:00\" \/>\n<meta property=\"article:modified_time\" content=\"2024-08-24T19:25:25+00:00\" \/>\n<meta property=\"og:image\" content=\"https:\/\/emhuisken.de\/wordpress\/wp-content\/uploads\/2023\/04\/Veranstaltungsfoto_2-906x1024.jpg\" \/>\n<meta name=\"author\" content=\"Stefan Carl Em Huisken\" \/>\n<meta name=\"twitter:card\" content=\"summary_large_image\" \/>\n<meta name=\"twitter:label1\" content=\"Geschrieben von\" \/>\n\t<meta name=\"twitter:data1\" content=\"Stefan Carl Em Huisken\" \/>\n\t<meta name=\"twitter:label2\" content=\"Gesch\u00e4tzte Lesezeit\" \/>\n\t<meta name=\"twitter:data2\" content=\"2\u00a0Minuten\" \/>\n<script type=\"application\/ld+json\" class=\"yoast-schema-graph\">{\"@context\":\"https:\\\/\\\/schema.org\",\"@graph\":[{\"@type\":\"Article\",\"@id\":\"https:\\\/\\\/emhuisken.de\\\/wordpress\\\/2024\\\/08\\\/projekt-schottisch-friesische-freiheit-endet\\\/#article\",\"isPartOf\":{\"@id\":\"https:\\\/\\\/emhuisken.de\\\/wordpress\\\/2024\\\/08\\\/projekt-schottisch-friesische-freiheit-endet\\\/\"},\"author\":{\"name\":\"Stefan Carl Em Huisken\",\"@id\":\"https:\\\/\\\/emhuisken.de\\\/wordpress\\\/#\\\/schema\\\/person\\\/d97bf7d74295f11fe6963296f0232ec3\"},\"headline\":\"Projekt \u201eSchottisch-Friesische Freiheit\u201c endet\",\"datePublished\":\"2024-08-24T19:23:12+00:00\",\"dateModified\":\"2024-08-24T19:25:25+00:00\",\"mainEntityOfPage\":{\"@id\":\"https:\\\/\\\/emhuisken.de\\\/wordpress\\\/2024\\\/08\\\/projekt-schottisch-friesische-freiheit-endet\\\/\"},\"wordCount\":321,\"commentCount\":1,\"publisher\":{\"@id\":\"https:\\\/\\\/emhuisken.de\\\/wordpress\\\/#organization\"},\"image\":{\"@id\":\"https:\\\/\\\/emhuisken.de\\\/wordpress\\\/2024\\\/08\\\/projekt-schottisch-friesische-freiheit-endet\\\/#primaryimage\"},\"thumbnailUrl\":\"https:\\\/\\\/emhuisken.de\\\/wordpress\\\/wp-content\\\/uploads\\\/2023\\\/04\\\/Veranstaltungsfoto_2-906x1024.jpg\",\"keywords\":[\"jank frison\",\"Musik\",\"schottisch-friesische freiheit\"],\"articleSection\":[\"Aktuelles\",\"Musik\"],\"inLanguage\":\"de\",\"potentialAction\":[{\"@type\":\"CommentAction\",\"name\":\"Comment\",\"target\":[\"https:\\\/\\\/emhuisken.de\\\/wordpress\\\/2024\\\/08\\\/projekt-schottisch-friesische-freiheit-endet\\\/#respond\"]}]},{\"@type\":\"WebPage\",\"@id\":\"https:\\\/\\\/emhuisken.de\\\/wordpress\\\/2024\\\/08\\\/projekt-schottisch-friesische-freiheit-endet\\\/\",\"url\":\"https:\\\/\\\/emhuisken.de\\\/wordpress\\\/2024\\\/08\\\/projekt-schottisch-friesische-freiheit-endet\\\/\",\"name\":\"Projekt \u201eSchottisch-Friesische Freiheit\u201c endet\",\"isPartOf\":{\"@id\":\"https:\\\/\\\/emhuisken.de\\\/wordpress\\\/#website\"},\"primaryImageOfPage\":{\"@id\":\"https:\\\/\\\/emhuisken.de\\\/wordpress\\\/2024\\\/08\\\/projekt-schottisch-friesische-freiheit-endet\\\/#primaryimage\"},\"image\":{\"@id\":\"https:\\\/\\\/emhuisken.de\\\/wordpress\\\/2024\\\/08\\\/projekt-schottisch-friesische-freiheit-endet\\\/#primaryimage\"},\"thumbnailUrl\":\"https:\\\/\\\/emhuisken.de\\\/wordpress\\\/wp-content\\\/uploads\\\/2023\\\/04\\\/Veranstaltungsfoto_2-906x1024.jpg\",\"datePublished\":\"2024-08-24T19:23:12+00:00\",\"dateModified\":\"2024-08-24T19:25:25+00:00\",\"description\":\"Das 2022 mit meiner Mitwirkung begonnene Projekt \u201eSchottisch-friesische Freiheit\u201c wird nicht weitergef\u00fchrt.\",\"breadcrumb\":{\"@id\":\"https:\\\/\\\/emhuisken.de\\\/wordpress\\\/2024\\\/08\\\/projekt-schottisch-friesische-freiheit-endet\\\/#breadcrumb\"},\"inLanguage\":\"de\",\"potentialAction\":[{\"@type\":\"ReadAction\",\"target\":[\"https:\\\/\\\/emhuisken.de\\\/wordpress\\\/2024\\\/08\\\/projekt-schottisch-friesische-freiheit-endet\\\/\"]}]},{\"@type\":\"ImageObject\",\"inLanguage\":\"de\",\"@id\":\"https:\\\/\\\/emhuisken.de\\\/wordpress\\\/2024\\\/08\\\/projekt-schottisch-friesische-freiheit-endet\\\/#primaryimage\",\"url\":\"https:\\\/\\\/emhuisken.de\\\/wordpress\\\/wp-content\\\/uploads\\\/2023\\\/04\\\/Veranstaltungsfoto_2.jpg\",\"contentUrl\":\"https:\\\/\\\/emhuisken.de\\\/wordpress\\\/wp-content\\\/uploads\\\/2023\\\/04\\\/Veranstaltungsfoto_2.jpg\",\"width\":1500,\"height\":1695},{\"@type\":\"BreadcrumbList\",\"@id\":\"https:\\\/\\\/emhuisken.de\\\/wordpress\\\/2024\\\/08\\\/projekt-schottisch-friesische-freiheit-endet\\\/#breadcrumb\",\"itemListElement\":[{\"@type\":\"ListItem\",\"position\":1,\"name\":\"Home\",\"item\":\"https:\\\/\\\/emhuisken.de\\\/wordpress\\\/\"},{\"@type\":\"ListItem\",\"position\":2,\"name\":\"Projekt \u201eSchottisch-Friesische Freiheit\u201c endet\"}]},{\"@type\":\"WebSite\",\"@id\":\"https:\\\/\\\/emhuisken.de\\\/wordpress\\\/#website\",\"url\":\"https:\\\/\\\/emhuisken.de\\\/wordpress\\\/\",\"name\":\"Musik \u2013 Wort \u2013 Geisteswissenschaft\",\"description\":\"Ton-, Wort-, Gedankenkunst\",\"publisher\":{\"@id\":\"https:\\\/\\\/emhuisken.de\\\/wordpress\\\/#organization\"},\"potentialAction\":[{\"@type\":\"SearchAction\",\"target\":{\"@type\":\"EntryPoint\",\"urlTemplate\":\"https:\\\/\\\/emhuisken.de\\\/wordpress\\\/?s={search_term_string}\"},\"query-input\":{\"@type\":\"PropertyValueSpecification\",\"valueRequired\":true,\"valueName\":\"search_term_string\"}}],\"inLanguage\":\"de\"},{\"@type\":\"Organization\",\"@id\":\"https:\\\/\\\/emhuisken.de\\\/wordpress\\\/#organization\",\"name\":\"Musik \u2013 Wort \u2013 Geisteswissenschaft\",\"url\":\"https:\\\/\\\/emhuisken.de\\\/wordpress\\\/\",\"logo\":{\"@type\":\"ImageObject\",\"inLanguage\":\"de\",\"@id\":\"https:\\\/\\\/emhuisken.de\\\/wordpress\\\/#\\\/schema\\\/logo\\\/image\\\/\",\"url\":\"https:\\\/\\\/emhuisken.de\\\/wordpress\\\/wp-content\\\/uploads\\\/2014\\\/10\\\/eh_logo_schatten_240x66-1.png\",\"contentUrl\":\"https:\\\/\\\/emhuisken.de\\\/wordpress\\\/wp-content\\\/uploads\\\/2014\\\/10\\\/eh_logo_schatten_240x66-1.png\",\"width\":240,\"height\":66,\"caption\":\"Musik \u2013 Wort \u2013 Geisteswissenschaft\"},\"image\":{\"@id\":\"https:\\\/\\\/emhuisken.de\\\/wordpress\\\/#\\\/schema\\\/logo\\\/image\\\/\"}},{\"@type\":\"Person\",\"@id\":\"https:\\\/\\\/emhuisken.de\\\/wordpress\\\/#\\\/schema\\\/person\\\/d97bf7d74295f11fe6963296f0232ec3\",\"name\":\"Stefan Carl Em Huisken\",\"url\":\"https:\\\/\\\/emhuisken.de\\\/wordpress\\\/author\\\/shoeschen\\\/\"}]}<\/script>\n<!-- \/ Yoast SEO plugin. -->","yoast_head_json":{"title":"Projekt \u201eSchottisch-Friesische Freiheit\u201c endet","description":"Das 2022 mit meiner Mitwirkung begonnene Projekt \u201eSchottisch-friesische Freiheit\u201c wird nicht weitergef\u00fchrt.","robots":{"index":"index","follow":"follow","max-snippet":"max-snippet:-1","max-image-preview":"max-image-preview:large","max-video-preview":"max-video-preview:-1"},"canonical":"https:\/\/emhuisken.de\/wordpress\/2024\/08\/projekt-schottisch-friesische-freiheit-endet\/","og_locale":"de_DE","og_type":"article","og_title":"Projekt \u201eSchottisch-Friesische Freiheit\u201c endet","og_description":"Das 2022 mit meiner Mitwirkung begonnene Projekt \u201eSchottisch-friesische Freiheit\u201c wird nicht weitergef\u00fchrt.","og_url":"https:\/\/emhuisken.de\/wordpress\/2024\/08\/projekt-schottisch-friesische-freiheit-endet\/","og_site_name":"Musik \u2013 Wort \u2013 Geisteswissenschaft","article_published_time":"2024-08-24T19:23:12+00:00","article_modified_time":"2024-08-24T19:25:25+00:00","og_image":[{"url":"https:\/\/emhuisken.de\/wordpress\/wp-content\/uploads\/2023\/04\/Veranstaltungsfoto_2-906x1024.jpg","type":"","width":"","height":""}],"author":"Stefan Carl Em Huisken","twitter_card":"summary_large_image","twitter_misc":{"Geschrieben von":"Stefan Carl Em Huisken","Gesch\u00e4tzte Lesezeit":"2\u00a0Minuten"},"schema":{"@context":"https:\/\/schema.org","@graph":[{"@type":"Article","@id":"https:\/\/emhuisken.de\/wordpress\/2024\/08\/projekt-schottisch-friesische-freiheit-endet\/#article","isPartOf":{"@id":"https:\/\/emhuisken.de\/wordpress\/2024\/08\/projekt-schottisch-friesische-freiheit-endet\/"},"author":{"name":"Stefan Carl Em Huisken","@id":"https:\/\/emhuisken.de\/wordpress\/#\/schema\/person\/d97bf7d74295f11fe6963296f0232ec3"},"headline":"Projekt \u201eSchottisch-Friesische Freiheit\u201c endet","datePublished":"2024-08-24T19:23:12+00:00","dateModified":"2024-08-24T19:25:25+00:00","mainEntityOfPage":{"@id":"https:\/\/emhuisken.de\/wordpress\/2024\/08\/projekt-schottisch-friesische-freiheit-endet\/"},"wordCount":321,"commentCount":1,"publisher":{"@id":"https:\/\/emhuisken.de\/wordpress\/#organization"},"image":{"@id":"https:\/\/emhuisken.de\/wordpress\/2024\/08\/projekt-schottisch-friesische-freiheit-endet\/#primaryimage"},"thumbnailUrl":"https:\/\/emhuisken.de\/wordpress\/wp-content\/uploads\/2023\/04\/Veranstaltungsfoto_2-906x1024.jpg","keywords":["jank frison","Musik","schottisch-friesische freiheit"],"articleSection":["Aktuelles","Musik"],"inLanguage":"de","potentialAction":[{"@type":"CommentAction","name":"Comment","target":["https:\/\/emhuisken.de\/wordpress\/2024\/08\/projekt-schottisch-friesische-freiheit-endet\/#respond"]}]},{"@type":"WebPage","@id":"https:\/\/emhuisken.de\/wordpress\/2024\/08\/projekt-schottisch-friesische-freiheit-endet\/","url":"https:\/\/emhuisken.de\/wordpress\/2024\/08\/projekt-schottisch-friesische-freiheit-endet\/","name":"Projekt \u201eSchottisch-Friesische Freiheit\u201c endet","isPartOf":{"@id":"https:\/\/emhuisken.de\/wordpress\/#website"},"primaryImageOfPage":{"@id":"https:\/\/emhuisken.de\/wordpress\/2024\/08\/projekt-schottisch-friesische-freiheit-endet\/#primaryimage"},"image":{"@id":"https:\/\/emhuisken.de\/wordpress\/2024\/08\/projekt-schottisch-friesische-freiheit-endet\/#primaryimage"},"thumbnailUrl":"https:\/\/emhuisken.de\/wordpress\/wp-content\/uploads\/2023\/04\/Veranstaltungsfoto_2-906x1024.jpg","datePublished":"2024-08-24T19:23:12+00:00","dateModified":"2024-08-24T19:25:25+00:00","description":"Das 2022 mit meiner Mitwirkung begonnene Projekt \u201eSchottisch-friesische Freiheit\u201c wird nicht weitergef\u00fchrt.","breadcrumb":{"@id":"https:\/\/emhuisken.de\/wordpress\/2024\/08\/projekt-schottisch-friesische-freiheit-endet\/#breadcrumb"},"inLanguage":"de","potentialAction":[{"@type":"ReadAction","target":["https:\/\/emhuisken.de\/wordpress\/2024\/08\/projekt-schottisch-friesische-freiheit-endet\/"]}]},{"@type":"ImageObject","inLanguage":"de","@id":"https:\/\/emhuisken.de\/wordpress\/2024\/08\/projekt-schottisch-friesische-freiheit-endet\/#primaryimage","url":"https:\/\/emhuisken.de\/wordpress\/wp-content\/uploads\/2023\/04\/Veranstaltungsfoto_2.jpg","contentUrl":"https:\/\/emhuisken.de\/wordpress\/wp-content\/uploads\/2023\/04\/Veranstaltungsfoto_2.jpg","width":1500,"height":1695},{"@type":"BreadcrumbList","@id":"https:\/\/emhuisken.de\/wordpress\/2024\/08\/projekt-schottisch-friesische-freiheit-endet\/#breadcrumb","itemListElement":[{"@type":"ListItem","position":1,"name":"Home","item":"https:\/\/emhuisken.de\/wordpress\/"},{"@type":"ListItem","position":2,"name":"Projekt \u201eSchottisch-Friesische Freiheit\u201c endet"}]},{"@type":"WebSite","@id":"https:\/\/emhuisken.de\/wordpress\/#website","url":"https:\/\/emhuisken.de\/wordpress\/","name":"Musik \u2013 Wort \u2013 Geisteswissenschaft","description":"Ton-, Wort-, Gedankenkunst","publisher":{"@id":"https:\/\/emhuisken.de\/wordpress\/#organization"},"potentialAction":[{"@type":"SearchAction","target":{"@type":"EntryPoint","urlTemplate":"https:\/\/emhuisken.de\/wordpress\/?s={search_term_string}"},"query-input":{"@type":"PropertyValueSpecification","valueRequired":true,"valueName":"search_term_string"}}],"inLanguage":"de"},{"@type":"Organization","@id":"https:\/\/emhuisken.de\/wordpress\/#organization","name":"Musik \u2013 Wort \u2013 Geisteswissenschaft","url":"https:\/\/emhuisken.de\/wordpress\/","logo":{"@type":"ImageObject","inLanguage":"de","@id":"https:\/\/emhuisken.de\/wordpress\/#\/schema\/logo\/image\/","url":"https:\/\/emhuisken.de\/wordpress\/wp-content\/uploads\/2014\/10\/eh_logo_schatten_240x66-1.png","contentUrl":"https:\/\/emhuisken.de\/wordpress\/wp-content\/uploads\/2014\/10\/eh_logo_schatten_240x66-1.png","width":240,"height":66,"caption":"Musik \u2013 Wort \u2013 Geisteswissenschaft"},"image":{"@id":"https:\/\/emhuisken.de\/wordpress\/#\/schema\/logo\/image\/"}},{"@type":"Person","@id":"https:\/\/emhuisken.de\/wordpress\/#\/schema\/person\/d97bf7d74295f11fe6963296f0232ec3","name":"Stefan Carl Em Huisken","url":"https:\/\/emhuisken.de\/wordpress\/author\/shoeschen\/"}]}},"_links":{"self":[{"href":"https:\/\/emhuisken.de\/wordpress\/wp-json\/wp\/v2\/posts\/4439","targetHints":{"allow":["GET"]}}],"collection":[{"href":"https:\/\/emhuisken.de\/wordpress\/wp-json\/wp\/v2\/posts"}],"about":[{"href":"https:\/\/emhuisken.de\/wordpress\/wp-json\/wp\/v2\/types\/post"}],"author":[{"embeddable":true,"href":"https:\/\/emhuisken.de\/wordpress\/wp-json\/wp\/v2\/users\/1"}],"replies":[{"embeddable":true,"href":"https:\/\/emhuisken.de\/wordpress\/wp-json\/wp\/v2\/comments?post=4439"}],"version-history":[{"count":2,"href":"https:\/\/emhuisken.de\/wordpress\/wp-json\/wp\/v2\/posts\/4439\/revisions"}],"predecessor-version":[{"id":4441,"href":"https:\/\/emhuisken.de\/wordpress\/wp-json\/wp\/v2\/posts\/4439\/revisions\/4441"}],"wp:attachment":[{"href":"https:\/\/emhuisken.de\/wordpress\/wp-json\/wp\/v2\/media?parent=4439"}],"wp:term":[{"taxonomy":"category","embeddable":true,"href":"https:\/\/emhuisken.de\/wordpress\/wp-json\/wp\/v2\/categories?post=4439"},{"taxonomy":"post_tag","embeddable":true,"href":"https:\/\/emhuisken.de\/wordpress\/wp-json\/wp\/v2\/tags?post=4439"}],"curies":[{"name":"wp","href":"https:\/\/api.w.org\/{rel}","templated":true}]}}