{"id":4225,"date":"2023-10-04T22:45:59","date_gmt":"2023-10-04T21:45:59","guid":{"rendered":"https:\/\/emhuisken.de\/wordpress\/?p=4225"},"modified":"2023-10-04T22:46:00","modified_gmt":"2023-10-04T21:46:00","slug":"mitteilungen-die-lahnung-als-abonnement","status":"publish","type":"post","link":"https:\/\/emhuisken.de\/wordpress\/2023\/10\/mitteilungen-die-lahnung-als-abonnement\/","title":{"rendered":"Mitteilungen DIE LAHNUNG als Abonnement"},"content":{"rendered":"<div class=\"pdfprnt-buttons pdfprnt-buttons-post pdfprnt-top-right\"><a href=\"https:\/\/emhuisken.de\/wordpress\/wp-json\/wp\/v2\/posts\/4225?print=print\" class=\"pdfprnt-button pdfprnt-button-print\" target=\"_blank\" ><img decoding=\"async\" src=\"https:\/\/emhuisken.de\/wordpress\/wp-content\/plugins\/pdf-print\/images\/print.png\" alt=\"image_print\" title=\"Print Content\" \/><span class=\"pdfprnt-button-title pdfprnt-button-print-title\">F\u00fcr l\u00e4ngere Texte empfehle ich vorherigen Ausdruck<\/span><\/a><\/div>\n<p>Im Jahre 2020 begann ich mit der Herausgabe eines Mitteilungsblattes f\u00fcr einen ausgew\u00e4hlten, mir bekannten Kreis von Personen, unter dem Titel <a href=\"https:\/\/emhuisken.de\/wordpress\/geisteswissenschaft\/die-lahnung-mitteilungen-fuer-individuelle-entwicklung-und-lebenskunde\/\">=>\u201eDIE LAHNUNG \u2013 Mitteilungen f\u00fcr individuelle Entwicklung und Lebenskunde\u201c<\/a>. Gedacht war zun\u00e4chst an eine Art Korrespondenz zwischen den Lesern. Geworden ist daraus eine Art Zeitschrift, in der vorwiegend von mir, aber auch von einigen wenigen anderen Autoren immer wieder Beitr\u00e4ge zum \u00fcbergeordneten Thema \u201eIndividuelle Entwicklung und Lebenskunde\u201c erscheinen. <\/p>\n\n\n\n<p>War der Versand zun\u00e4chst unabh\u00e4ngig von finanziellen Beitr\u00e4gen der Leser, so stellte sich nun nach drei Jahren heraus, dass sich dieses Verfahren \u2013 so sch\u00f6n die freie Handhabung auch ist \u2013 nicht weiter beibehalten l\u00e4sst. Damit wird aber der Bezug der Hefte auch frei von allen bisherigen Einschr\u00e4nkungen pers\u00f6nlicher Bekanntschaft oder Vermittlung. Die Hefte k\u00f6nnen also frei abonniert werden.<\/p>\n\n\n\n<p>Es werden zun\u00e4chst wie bisher drei Ausgaben pro Jahr erscheinen \u2013 um den Jahreswechsel herum, zu Pfingsten und zu Michaeli. Der Umfang der Hefte im Format A5 wird in der Regel mindestens ca. 30 Seiten sein, meistens mehr. Die Abonnementsgeb\u00fchr betr\u00e4gt 21 \u20ac pro Jahr; wer die Heft gerne erhalten m\u00f6chte, diesen finanziellen Beitrag aber nicht leisten kann oder will, kann sich an mich wenden, um vielleicht eine individuelle L\u00f6sung zu finden. Eine digitale Version gibt es nicht.<\/p>\n\n\n\n<p>Die Mitteilungen sind f\u00fcr Menschen bestimmt, die sich f\u00fcr die Geisteswissenschaft Rudolf Steiners (Anthroposophie) interessieren und auch die Lekt\u00fcre manchmal schwieriger Texte nicht scheuen. Aus der Verantwortung f\u00fcr die angemessene Mitteilung geistiger Tatsachen ergibt sich die Notwendigkeit, die Worte sehr genau zu setzen, und damit der Neigung unserer Zeit zur m\u00f6glichst \u201eeinfachen\u201c, \u201eschlichten\u201c Erkl\u00e4rungen die Anforderung engegenzuhalten, den uns ja gegebenen gesunden Menschenverstand auch zu bet\u00e4tigen und m\u00f6glichst intensiv zu trainieren. Ganz sicher geht es NICHT darum, irgendwelche Spezialkenntnisse welcher Wissenschaft auch immer voraus zu setzen. Die Inhaltsverzeichnisse der bisher erschienenen Hefte kann man auf der oben verlinkten Seite \u00fcber die Zeitschrift herunterladen.<\/p>\n\n\n\n<p>Wer vorab genauer wissen m\u00f6chte, was hier unter \u201eGeisteswissenschaft\u201c verstanden wird, sei auf den Einf\u00fchrungsartikel <a href=\"https:\/\/emhuisken.de\/wordpress\/geisteswissenschaft\/\">=>\u201eGeisteswissenschaft\u201c<\/a> auf dieser Website hingewiesen. Manche der geisteswissenschaftlichen Darlegungen aus den Mitteilungen finden sich im \u00dcbrigen ebenfalls auf dieser Website.<\/p>\n","protected":false},"excerpt":{"rendered":"<p>Ab sofort kann DIE LAHNUNG \u2013 Mitteilungen f\u00fcr individuelle Entwicklung und Lebenskunde abonniert werden.<\/p>\n","protected":false},"author":1,"featured_media":0,"comment_status":"open","ping_status":"closed","sticky":false,"template":"","format":"standard","meta":{"footnotes":""},"categories":[64,405],"tags":[515,407,315,514],"class_list":["post-4225","post","type-post","status-publish","format-standard","hentry","category-aktuelles","category-die-lahnung","tag-abonnement","tag-die-lahnung","tag-projekte","tag-zeitschrift"],"yoast_head":"<!-- This site is optimized with the Yoast SEO plugin v27.4 - https:\/\/yoast.com\/product\/yoast-seo-wordpress\/ -->\n<title>Mitteilungen DIE LAHNUNG als Abonnement<\/title>\n<meta name=\"description\" content=\"Ab sofort kann DIE LAHNUNG \u2013 Mitteilungen f\u00fcr individuelle Entwicklung und Lebenskunde hier abonniert werden.\" \/>\n<meta name=\"robots\" content=\"index, follow, max-snippet:-1, max-image-preview:large, max-video-preview:-1\" \/>\n<link rel=\"canonical\" href=\"https:\/\/emhuisken.de\/wordpress\/2023\/10\/mitteilungen-die-lahnung-als-abonnement\/\" \/>\n<meta property=\"og:locale\" content=\"de_DE\" \/>\n<meta property=\"og:type\" content=\"article\" \/>\n<meta property=\"og:title\" content=\"Mitteilungen DIE LAHNUNG als Abonnement\" \/>\n<meta property=\"og:description\" content=\"Ab sofort kann DIE LAHNUNG \u2013 Mitteilungen f\u00fcr individuelle Entwicklung und Lebenskunde hier abonniert werden.\" \/>\n<meta property=\"og:url\" content=\"https:\/\/emhuisken.de\/wordpress\/2023\/10\/mitteilungen-die-lahnung-als-abonnement\/\" \/>\n<meta property=\"og:site_name\" content=\"Musik \u2013 Wort \u2013 Geisteswissenschaft\" \/>\n<meta property=\"article:published_time\" content=\"2023-10-04T21:45:59+00:00\" \/>\n<meta property=\"article:modified_time\" content=\"2023-10-04T21:46:00+00:00\" \/>\n<meta name=\"author\" content=\"Stefan Carl Em Huisken\" \/>\n<meta name=\"twitter:card\" content=\"summary_large_image\" \/>\n<meta name=\"twitter:label1\" content=\"Geschrieben von\" \/>\n\t<meta name=\"twitter:data1\" content=\"Stefan Carl Em Huisken\" \/>\n\t<meta name=\"twitter:label2\" content=\"Gesch\u00e4tzte Lesezeit\" \/>\n\t<meta name=\"twitter:data2\" content=\"2\u00a0Minuten\" \/>\n<script type=\"application\/ld+json\" class=\"yoast-schema-graph\">{\"@context\":\"https:\\\/\\\/schema.org\",\"@graph\":[{\"@type\":\"Article\",\"@id\":\"https:\\\/\\\/emhuisken.de\\\/wordpress\\\/2023\\\/10\\\/mitteilungen-die-lahnung-als-abonnement\\\/#article\",\"isPartOf\":{\"@id\":\"https:\\\/\\\/emhuisken.de\\\/wordpress\\\/2023\\\/10\\\/mitteilungen-die-lahnung-als-abonnement\\\/\"},\"author\":{\"name\":\"Stefan Carl Em Huisken\",\"@id\":\"https:\\\/\\\/emhuisken.de\\\/wordpress\\\/#\\\/schema\\\/person\\\/d97bf7d74295f11fe6963296f0232ec3\"},\"headline\":\"Mitteilungen DIE LAHNUNG als Abonnement\",\"datePublished\":\"2023-10-04T21:45:59+00:00\",\"dateModified\":\"2023-10-04T21:46:00+00:00\",\"mainEntityOfPage\":{\"@id\":\"https:\\\/\\\/emhuisken.de\\\/wordpress\\\/2023\\\/10\\\/mitteilungen-die-lahnung-als-abonnement\\\/\"},\"wordCount\":369,\"commentCount\":0,\"publisher\":{\"@id\":\"https:\\\/\\\/emhuisken.de\\\/wordpress\\\/#organization\"},\"keywords\":[\"Abonnement\",\"DIE LAHNUNG\",\"Projekte\",\"Zeitschrift\"],\"articleSection\":[\"Aktuelles\",\"Die Lahnung\"],\"inLanguage\":\"de\",\"potentialAction\":[{\"@type\":\"CommentAction\",\"name\":\"Comment\",\"target\":[\"https:\\\/\\\/emhuisken.de\\\/wordpress\\\/2023\\\/10\\\/mitteilungen-die-lahnung-als-abonnement\\\/#respond\"]}]},{\"@type\":\"WebPage\",\"@id\":\"https:\\\/\\\/emhuisken.de\\\/wordpress\\\/2023\\\/10\\\/mitteilungen-die-lahnung-als-abonnement\\\/\",\"url\":\"https:\\\/\\\/emhuisken.de\\\/wordpress\\\/2023\\\/10\\\/mitteilungen-die-lahnung-als-abonnement\\\/\",\"name\":\"Mitteilungen DIE LAHNUNG als Abonnement\",\"isPartOf\":{\"@id\":\"https:\\\/\\\/emhuisken.de\\\/wordpress\\\/#website\"},\"datePublished\":\"2023-10-04T21:45:59+00:00\",\"dateModified\":\"2023-10-04T21:46:00+00:00\",\"description\":\"Ab sofort kann DIE LAHNUNG \u2013 Mitteilungen f\u00fcr individuelle Entwicklung und Lebenskunde hier abonniert werden.\",\"breadcrumb\":{\"@id\":\"https:\\\/\\\/emhuisken.de\\\/wordpress\\\/2023\\\/10\\\/mitteilungen-die-lahnung-als-abonnement\\\/#breadcrumb\"},\"inLanguage\":\"de\",\"potentialAction\":[{\"@type\":\"ReadAction\",\"target\":[\"https:\\\/\\\/emhuisken.de\\\/wordpress\\\/2023\\\/10\\\/mitteilungen-die-lahnung-als-abonnement\\\/\"]}]},{\"@type\":\"BreadcrumbList\",\"@id\":\"https:\\\/\\\/emhuisken.de\\\/wordpress\\\/2023\\\/10\\\/mitteilungen-die-lahnung-als-abonnement\\\/#breadcrumb\",\"itemListElement\":[{\"@type\":\"ListItem\",\"position\":1,\"name\":\"Home\",\"item\":\"https:\\\/\\\/emhuisken.de\\\/wordpress\\\/\"},{\"@type\":\"ListItem\",\"position\":2,\"name\":\"Mitteilungen DIE LAHNUNG als Abonnement\"}]},{\"@type\":\"WebSite\",\"@id\":\"https:\\\/\\\/emhuisken.de\\\/wordpress\\\/#website\",\"url\":\"https:\\\/\\\/emhuisken.de\\\/wordpress\\\/\",\"name\":\"Musik \u2013 Wort \u2013 Geisteswissenschaft\",\"description\":\"Ton-, Wort-, Gedankenkunst\",\"publisher\":{\"@id\":\"https:\\\/\\\/emhuisken.de\\\/wordpress\\\/#organization\"},\"potentialAction\":[{\"@type\":\"SearchAction\",\"target\":{\"@type\":\"EntryPoint\",\"urlTemplate\":\"https:\\\/\\\/emhuisken.de\\\/wordpress\\\/?s={search_term_string}\"},\"query-input\":{\"@type\":\"PropertyValueSpecification\",\"valueRequired\":true,\"valueName\":\"search_term_string\"}}],\"inLanguage\":\"de\"},{\"@type\":\"Organization\",\"@id\":\"https:\\\/\\\/emhuisken.de\\\/wordpress\\\/#organization\",\"name\":\"Musik \u2013 Wort \u2013 Geisteswissenschaft\",\"url\":\"https:\\\/\\\/emhuisken.de\\\/wordpress\\\/\",\"logo\":{\"@type\":\"ImageObject\",\"inLanguage\":\"de\",\"@id\":\"https:\\\/\\\/emhuisken.de\\\/wordpress\\\/#\\\/schema\\\/logo\\\/image\\\/\",\"url\":\"https:\\\/\\\/emhuisken.de\\\/wordpress\\\/wp-content\\\/uploads\\\/2014\\\/10\\\/eh_logo_schatten_240x66-1.png\",\"contentUrl\":\"https:\\\/\\\/emhuisken.de\\\/wordpress\\\/wp-content\\\/uploads\\\/2014\\\/10\\\/eh_logo_schatten_240x66-1.png\",\"width\":240,\"height\":66,\"caption\":\"Musik \u2013 Wort \u2013 Geisteswissenschaft\"},\"image\":{\"@id\":\"https:\\\/\\\/emhuisken.de\\\/wordpress\\\/#\\\/schema\\\/logo\\\/image\\\/\"}},{\"@type\":\"Person\",\"@id\":\"https:\\\/\\\/emhuisken.de\\\/wordpress\\\/#\\\/schema\\\/person\\\/d97bf7d74295f11fe6963296f0232ec3\",\"name\":\"Stefan Carl Em Huisken\",\"url\":\"https:\\\/\\\/emhuisken.de\\\/wordpress\\\/author\\\/shoeschen\\\/\"}]}<\/script>\n<!-- \/ Yoast SEO plugin. -->","yoast_head_json":{"title":"Mitteilungen DIE LAHNUNG als Abonnement","description":"Ab sofort kann DIE LAHNUNG \u2013 Mitteilungen f\u00fcr individuelle Entwicklung und Lebenskunde hier abonniert werden.","robots":{"index":"index","follow":"follow","max-snippet":"max-snippet:-1","max-image-preview":"max-image-preview:large","max-video-preview":"max-video-preview:-1"},"canonical":"https:\/\/emhuisken.de\/wordpress\/2023\/10\/mitteilungen-die-lahnung-als-abonnement\/","og_locale":"de_DE","og_type":"article","og_title":"Mitteilungen DIE LAHNUNG als Abonnement","og_description":"Ab sofort kann DIE LAHNUNG \u2013 Mitteilungen f\u00fcr individuelle Entwicklung und Lebenskunde hier abonniert werden.","og_url":"https:\/\/emhuisken.de\/wordpress\/2023\/10\/mitteilungen-die-lahnung-als-abonnement\/","og_site_name":"Musik \u2013 Wort \u2013 Geisteswissenschaft","article_published_time":"2023-10-04T21:45:59+00:00","article_modified_time":"2023-10-04T21:46:00+00:00","author":"Stefan Carl Em Huisken","twitter_card":"summary_large_image","twitter_misc":{"Geschrieben von":"Stefan Carl Em Huisken","Gesch\u00e4tzte Lesezeit":"2\u00a0Minuten"},"schema":{"@context":"https:\/\/schema.org","@graph":[{"@type":"Article","@id":"https:\/\/emhuisken.de\/wordpress\/2023\/10\/mitteilungen-die-lahnung-als-abonnement\/#article","isPartOf":{"@id":"https:\/\/emhuisken.de\/wordpress\/2023\/10\/mitteilungen-die-lahnung-als-abonnement\/"},"author":{"name":"Stefan Carl Em Huisken","@id":"https:\/\/emhuisken.de\/wordpress\/#\/schema\/person\/d97bf7d74295f11fe6963296f0232ec3"},"headline":"Mitteilungen DIE LAHNUNG als Abonnement","datePublished":"2023-10-04T21:45:59+00:00","dateModified":"2023-10-04T21:46:00+00:00","mainEntityOfPage":{"@id":"https:\/\/emhuisken.de\/wordpress\/2023\/10\/mitteilungen-die-lahnung-als-abonnement\/"},"wordCount":369,"commentCount":0,"publisher":{"@id":"https:\/\/emhuisken.de\/wordpress\/#organization"},"keywords":["Abonnement","DIE LAHNUNG","Projekte","Zeitschrift"],"articleSection":["Aktuelles","Die Lahnung"],"inLanguage":"de","potentialAction":[{"@type":"CommentAction","name":"Comment","target":["https:\/\/emhuisken.de\/wordpress\/2023\/10\/mitteilungen-die-lahnung-als-abonnement\/#respond"]}]},{"@type":"WebPage","@id":"https:\/\/emhuisken.de\/wordpress\/2023\/10\/mitteilungen-die-lahnung-als-abonnement\/","url":"https:\/\/emhuisken.de\/wordpress\/2023\/10\/mitteilungen-die-lahnung-als-abonnement\/","name":"Mitteilungen DIE LAHNUNG als Abonnement","isPartOf":{"@id":"https:\/\/emhuisken.de\/wordpress\/#website"},"datePublished":"2023-10-04T21:45:59+00:00","dateModified":"2023-10-04T21:46:00+00:00","description":"Ab sofort kann DIE LAHNUNG \u2013 Mitteilungen f\u00fcr individuelle Entwicklung und Lebenskunde hier abonniert werden.","breadcrumb":{"@id":"https:\/\/emhuisken.de\/wordpress\/2023\/10\/mitteilungen-die-lahnung-als-abonnement\/#breadcrumb"},"inLanguage":"de","potentialAction":[{"@type":"ReadAction","target":["https:\/\/emhuisken.de\/wordpress\/2023\/10\/mitteilungen-die-lahnung-als-abonnement\/"]}]},{"@type":"BreadcrumbList","@id":"https:\/\/emhuisken.de\/wordpress\/2023\/10\/mitteilungen-die-lahnung-als-abonnement\/#breadcrumb","itemListElement":[{"@type":"ListItem","position":1,"name":"Home","item":"https:\/\/emhuisken.de\/wordpress\/"},{"@type":"ListItem","position":2,"name":"Mitteilungen DIE LAHNUNG als Abonnement"}]},{"@type":"WebSite","@id":"https:\/\/emhuisken.de\/wordpress\/#website","url":"https:\/\/emhuisken.de\/wordpress\/","name":"Musik \u2013 Wort \u2013 Geisteswissenschaft","description":"Ton-, Wort-, Gedankenkunst","publisher":{"@id":"https:\/\/emhuisken.de\/wordpress\/#organization"},"potentialAction":[{"@type":"SearchAction","target":{"@type":"EntryPoint","urlTemplate":"https:\/\/emhuisken.de\/wordpress\/?s={search_term_string}"},"query-input":{"@type":"PropertyValueSpecification","valueRequired":true,"valueName":"search_term_string"}}],"inLanguage":"de"},{"@type":"Organization","@id":"https:\/\/emhuisken.de\/wordpress\/#organization","name":"Musik \u2013 Wort \u2013 Geisteswissenschaft","url":"https:\/\/emhuisken.de\/wordpress\/","logo":{"@type":"ImageObject","inLanguage":"de","@id":"https:\/\/emhuisken.de\/wordpress\/#\/schema\/logo\/image\/","url":"https:\/\/emhuisken.de\/wordpress\/wp-content\/uploads\/2014\/10\/eh_logo_schatten_240x66-1.png","contentUrl":"https:\/\/emhuisken.de\/wordpress\/wp-content\/uploads\/2014\/10\/eh_logo_schatten_240x66-1.png","width":240,"height":66,"caption":"Musik \u2013 Wort \u2013 Geisteswissenschaft"},"image":{"@id":"https:\/\/emhuisken.de\/wordpress\/#\/schema\/logo\/image\/"}},{"@type":"Person","@id":"https:\/\/emhuisken.de\/wordpress\/#\/schema\/person\/d97bf7d74295f11fe6963296f0232ec3","name":"Stefan Carl Em Huisken","url":"https:\/\/emhuisken.de\/wordpress\/author\/shoeschen\/"}]}},"_links":{"self":[{"href":"https:\/\/emhuisken.de\/wordpress\/wp-json\/wp\/v2\/posts\/4225","targetHints":{"allow":["GET"]}}],"collection":[{"href":"https:\/\/emhuisken.de\/wordpress\/wp-json\/wp\/v2\/posts"}],"about":[{"href":"https:\/\/emhuisken.de\/wordpress\/wp-json\/wp\/v2\/types\/post"}],"author":[{"embeddable":true,"href":"https:\/\/emhuisken.de\/wordpress\/wp-json\/wp\/v2\/users\/1"}],"replies":[{"embeddable":true,"href":"https:\/\/emhuisken.de\/wordpress\/wp-json\/wp\/v2\/comments?post=4225"}],"version-history":[{"count":2,"href":"https:\/\/emhuisken.de\/wordpress\/wp-json\/wp\/v2\/posts\/4225\/revisions"}],"predecessor-version":[{"id":4227,"href":"https:\/\/emhuisken.de\/wordpress\/wp-json\/wp\/v2\/posts\/4225\/revisions\/4227"}],"wp:attachment":[{"href":"https:\/\/emhuisken.de\/wordpress\/wp-json\/wp\/v2\/media?parent=4225"}],"wp:term":[{"taxonomy":"category","embeddable":true,"href":"https:\/\/emhuisken.de\/wordpress\/wp-json\/wp\/v2\/categories?post=4225"},{"taxonomy":"post_tag","embeddable":true,"href":"https:\/\/emhuisken.de\/wordpress\/wp-json\/wp\/v2\/tags?post=4225"}],"curies":[{"name":"wp","href":"https:\/\/api.w.org\/{rel}","templated":true}]}}