{"id":4075,"date":"2023-04-08T22:41:08","date_gmt":"2023-04-08T21:41:08","guid":{"rendered":"https:\/\/emhuisken.de\/wordpress\/?p=4075"},"modified":"2023-04-08T22:41:56","modified_gmt":"2023-04-08T21:41:56","slug":"michael-weg","status":"publish","type":"post","link":"https:\/\/emhuisken.de\/wordpress\/2023\/04\/michael-weg\/","title":{"rendered":"Michaels Weg"},"content":{"rendered":"<div class=\"pdfprnt-buttons pdfprnt-buttons-post pdfprnt-top-right\"><a href=\"https:\/\/emhuisken.de\/wordpress\/wp-json\/wp\/v2\/posts\/4075?print=print\" class=\"pdfprnt-button pdfprnt-button-print\" target=\"_blank\" ><img decoding=\"async\" src=\"https:\/\/emhuisken.de\/wordpress\/wp-content\/plugins\/pdf-print\/images\/print.png\" alt=\"image_print\" title=\"Print Content\" \/><span class=\"pdfprnt-button-title pdfprnt-button-print-title\">F\u00fcr l\u00e4ngere Texte empfehle ich vorherigen Ausdruck<\/span><\/a><\/div>\n<p>Licht \u2013 Sprache der Sonne<br>In ihr zu denken, sprechen, tun<br>Zeigt Michael, der seine Frage<br>\u201eWer ist wie Gott?\u201c<br>Dem Sucher vorlegt, und der schreitet<br>voran auf dem steinigen Pfad.<\/p>\n\n\n\n<p>Ist Gott? Wer ist er dann?<br>Die Frage schon allein spricht Tod.<br>Nicht ist der Gott in dem<br>Was des Suchers Auge erfasst, sein Denken umgreift;<br>Er verlie\u00df des Suchers erstorbene Welt.<\/p>\n\n\n\n<p>Was ist die Welt? Ein toter Kosmos?<br>Wer schuf ihn dann, aus seinem Leben?<br>Antwort str\u00f6mt aus des Raumes Weiten nicht<br>Auch nicht aus Zeitenl\u00e4uften.<br>Sie spricht in dem, der uns die G\u00f6tter-Sprache<br>Einst selber sprechen lie\u00df in seinem Dienst.<br>Nun f\u00fchrt uns das Sein, einer toten Welt.<\/p>\n\n\n\n<p>Wo ist das Wesen dieser Sprache<br>Die zu verstehen Michael uns f\u00fchrt im Sprechen?<br>Wir k\u00f6nnen nicht mehr einfach lauschen.<br>Nichts wird lebendig klingen ohne unsern eignen Laut.<\/p>\n\n\n\n<p>Denn: wer ist Gott? Er ist die Liebe<br>Die ihren Weg zum toten Steine sucht<br>In dem, der Steine kann zum Leben f\u00fchren.<br>Der ist der Gott. Von ihm zeigt seine Sprache<br>Uns Michael, das Antlitz Christi.<\/p>\n\n\n\n<p>Durch ihn spricht sie, die Liebe.<br>Sie spricht der Welt. Und Michael,<br>Er zeigt den Weg, nach dem der Sucher d\u00fcrstet,<br>Den Weg zum Leben in der Ewigkeit.<\/p>\n\n\n\n<p>Der Weg ist da, ein jeder kann ihn finden,<br>Der nur der Einfalt da, wo sie im Rechte,<br>Nicht hindert, sondern der ihr folgt:<br>Der Weg des Michael ist meiner,<br>Wenn ich verstehend seinem Vorbild folge<br>Und aus dem Leben, das in mir erstand<br>Durch eines Gottes Tat das meine mache.<\/p>\n\n\n\n<p>Ja, wer ist Michael? Er ist im Menschen, der sich selbst<br>zum Sonnensprecher macht aus Liebe.<br>Er senkt das neue Leben in den Tod hinein,<br>Weil er das eigne Leben seinem Wege opfert,<br>Dem Weg, den Michael uns zeigt.<\/p>\n\n\n\n<p>\u00a9 Stefan Carl em Huisken 2023<\/p>\n","protected":false},"excerpt":{"rendered":"<p>Was ist der Weg, den uns der Erzengel Michael zeigt? Wohin f\u00fchrt er? Ein lyrisch-philosophischer Versuch \u00fcber diese Frage.<\/p>\n","protected":false},"author":1,"featured_media":0,"comment_status":"open","ping_status":"closed","sticky":false,"template":"","format":"standard","meta":{"footnotes":""},"categories":[267,102],"tags":[355,328,500,508,507,501],"class_list":["post-4075","post","type-post","status-publish","format-standard","hentry","category-geisteswissenschaft","category-literatur","tag-christus","tag-gedichte","tag-gott","tag-kosmos","tag-michael","tag-welt"],"yoast_head":"<!-- This site is optimized with the Yoast SEO plugin v27.4 - https:\/\/yoast.com\/product\/yoast-seo-wordpress\/ -->\n<title>Michaels Weg \u2013 Der Weg des Michael<\/title>\n<meta name=\"description\" content=\"Was ist der Weg, den uns der Erzengel Michael zeigt? Wohin f\u00fchrt er? Ein lyrisch-philosophischer Versuch \u00fcber diese Frage.\" \/>\n<meta name=\"robots\" content=\"index, follow, max-snippet:-1, max-image-preview:large, max-video-preview:-1\" \/>\n<link rel=\"canonical\" href=\"https:\/\/emhuisken.de\/wordpress\/2023\/04\/michael-weg\/\" \/>\n<meta property=\"og:locale\" content=\"de_DE\" \/>\n<meta property=\"og:type\" content=\"article\" \/>\n<meta property=\"og:title\" content=\"Michaels Weg \u2013 Der Weg des Michael\" \/>\n<meta property=\"og:description\" content=\"Was ist der Weg, den uns der Erzengel Michael zeigt? Wohin f\u00fchrt er? Ein lyrisch-philosophischer Versuch \u00fcber diese Frage.\" \/>\n<meta property=\"og:url\" content=\"https:\/\/emhuisken.de\/wordpress\/2023\/04\/michael-weg\/\" \/>\n<meta property=\"og:site_name\" content=\"Musik \u2013 Wort \u2013 Geisteswissenschaft\" \/>\n<meta property=\"article:published_time\" content=\"2023-04-08T21:41:08+00:00\" \/>\n<meta property=\"article:modified_time\" content=\"2023-04-08T21:41:56+00:00\" \/>\n<meta name=\"author\" content=\"Stefan Carl Em Huisken\" \/>\n<meta name=\"twitter:card\" content=\"summary_large_image\" \/>\n<meta name=\"twitter:label1\" content=\"Geschrieben von\" \/>\n\t<meta name=\"twitter:data1\" content=\"Stefan Carl Em Huisken\" \/>\n\t<meta name=\"twitter:label2\" content=\"Gesch\u00e4tzte Lesezeit\" \/>\n\t<meta name=\"twitter:data2\" content=\"2\u00a0Minuten\" \/>\n<script type=\"application\/ld+json\" class=\"yoast-schema-graph\">{\"@context\":\"https:\\\/\\\/schema.org\",\"@graph\":[{\"@type\":\"Article\",\"@id\":\"https:\\\/\\\/emhuisken.de\\\/wordpress\\\/2023\\\/04\\\/michael-weg\\\/#article\",\"isPartOf\":{\"@id\":\"https:\\\/\\\/emhuisken.de\\\/wordpress\\\/2023\\\/04\\\/michael-weg\\\/\"},\"author\":{\"name\":\"Stefan Carl Em Huisken\",\"@id\":\"https:\\\/\\\/emhuisken.de\\\/wordpress\\\/#\\\/schema\\\/person\\\/d97bf7d74295f11fe6963296f0232ec3\"},\"headline\":\"Michaels Weg\",\"datePublished\":\"2023-04-08T21:41:08+00:00\",\"dateModified\":\"2023-04-08T21:41:56+00:00\",\"mainEntityOfPage\":{\"@id\":\"https:\\\/\\\/emhuisken.de\\\/wordpress\\\/2023\\\/04\\\/michael-weg\\\/\"},\"wordCount\":294,\"commentCount\":0,\"publisher\":{\"@id\":\"https:\\\/\\\/emhuisken.de\\\/wordpress\\\/#organization\"},\"keywords\":[\"Christus\",\"Gedichte\",\"Gott\",\"Kosmos\",\"Michael\",\"Welt\"],\"articleSection\":[\"Geisteswissenschaft\",\"Literatur\"],\"inLanguage\":\"de\",\"potentialAction\":[{\"@type\":\"CommentAction\",\"name\":\"Comment\",\"target\":[\"https:\\\/\\\/emhuisken.de\\\/wordpress\\\/2023\\\/04\\\/michael-weg\\\/#respond\"]}]},{\"@type\":\"WebPage\",\"@id\":\"https:\\\/\\\/emhuisken.de\\\/wordpress\\\/2023\\\/04\\\/michael-weg\\\/\",\"url\":\"https:\\\/\\\/emhuisken.de\\\/wordpress\\\/2023\\\/04\\\/michael-weg\\\/\",\"name\":\"Michaels Weg \u2013 Der Weg des Michael\",\"isPartOf\":{\"@id\":\"https:\\\/\\\/emhuisken.de\\\/wordpress\\\/#website\"},\"datePublished\":\"2023-04-08T21:41:08+00:00\",\"dateModified\":\"2023-04-08T21:41:56+00:00\",\"description\":\"Was ist der Weg, den uns der Erzengel Michael zeigt? Wohin f\u00fchrt er? Ein lyrisch-philosophischer Versuch \u00fcber diese Frage.\",\"breadcrumb\":{\"@id\":\"https:\\\/\\\/emhuisken.de\\\/wordpress\\\/2023\\\/04\\\/michael-weg\\\/#breadcrumb\"},\"inLanguage\":\"de\",\"potentialAction\":[{\"@type\":\"ReadAction\",\"target\":[\"https:\\\/\\\/emhuisken.de\\\/wordpress\\\/2023\\\/04\\\/michael-weg\\\/\"]}]},{\"@type\":\"BreadcrumbList\",\"@id\":\"https:\\\/\\\/emhuisken.de\\\/wordpress\\\/2023\\\/04\\\/michael-weg\\\/#breadcrumb\",\"itemListElement\":[{\"@type\":\"ListItem\",\"position\":1,\"name\":\"Home\",\"item\":\"https:\\\/\\\/emhuisken.de\\\/wordpress\\\/\"},{\"@type\":\"ListItem\",\"position\":2,\"name\":\"Michaels Weg\"}]},{\"@type\":\"WebSite\",\"@id\":\"https:\\\/\\\/emhuisken.de\\\/wordpress\\\/#website\",\"url\":\"https:\\\/\\\/emhuisken.de\\\/wordpress\\\/\",\"name\":\"Musik \u2013 Wort \u2013 Geisteswissenschaft\",\"description\":\"Ton-, Wort-, Gedankenkunst\",\"publisher\":{\"@id\":\"https:\\\/\\\/emhuisken.de\\\/wordpress\\\/#organization\"},\"potentialAction\":[{\"@type\":\"SearchAction\",\"target\":{\"@type\":\"EntryPoint\",\"urlTemplate\":\"https:\\\/\\\/emhuisken.de\\\/wordpress\\\/?s={search_term_string}\"},\"query-input\":{\"@type\":\"PropertyValueSpecification\",\"valueRequired\":true,\"valueName\":\"search_term_string\"}}],\"inLanguage\":\"de\"},{\"@type\":\"Organization\",\"@id\":\"https:\\\/\\\/emhuisken.de\\\/wordpress\\\/#organization\",\"name\":\"Musik \u2013 Wort \u2013 Geisteswissenschaft\",\"url\":\"https:\\\/\\\/emhuisken.de\\\/wordpress\\\/\",\"logo\":{\"@type\":\"ImageObject\",\"inLanguage\":\"de\",\"@id\":\"https:\\\/\\\/emhuisken.de\\\/wordpress\\\/#\\\/schema\\\/logo\\\/image\\\/\",\"url\":\"https:\\\/\\\/emhuisken.de\\\/wordpress\\\/wp-content\\\/uploads\\\/2014\\\/10\\\/eh_logo_schatten_240x66-1.png\",\"contentUrl\":\"https:\\\/\\\/emhuisken.de\\\/wordpress\\\/wp-content\\\/uploads\\\/2014\\\/10\\\/eh_logo_schatten_240x66-1.png\",\"width\":240,\"height\":66,\"caption\":\"Musik \u2013 Wort \u2013 Geisteswissenschaft\"},\"image\":{\"@id\":\"https:\\\/\\\/emhuisken.de\\\/wordpress\\\/#\\\/schema\\\/logo\\\/image\\\/\"}},{\"@type\":\"Person\",\"@id\":\"https:\\\/\\\/emhuisken.de\\\/wordpress\\\/#\\\/schema\\\/person\\\/d97bf7d74295f11fe6963296f0232ec3\",\"name\":\"Stefan Carl Em Huisken\",\"url\":\"https:\\\/\\\/emhuisken.de\\\/wordpress\\\/author\\\/shoeschen\\\/\"}]}<\/script>\n<!-- \/ Yoast SEO plugin. -->","yoast_head_json":{"title":"Michaels Weg \u2013 Der Weg des Michael","description":"Was ist der Weg, den uns der Erzengel Michael zeigt? Wohin f\u00fchrt er? Ein lyrisch-philosophischer Versuch \u00fcber diese Frage.","robots":{"index":"index","follow":"follow","max-snippet":"max-snippet:-1","max-image-preview":"max-image-preview:large","max-video-preview":"max-video-preview:-1"},"canonical":"https:\/\/emhuisken.de\/wordpress\/2023\/04\/michael-weg\/","og_locale":"de_DE","og_type":"article","og_title":"Michaels Weg \u2013 Der Weg des Michael","og_description":"Was ist der Weg, den uns der Erzengel Michael zeigt? Wohin f\u00fchrt er? Ein lyrisch-philosophischer Versuch \u00fcber diese Frage.","og_url":"https:\/\/emhuisken.de\/wordpress\/2023\/04\/michael-weg\/","og_site_name":"Musik \u2013 Wort \u2013 Geisteswissenschaft","article_published_time":"2023-04-08T21:41:08+00:00","article_modified_time":"2023-04-08T21:41:56+00:00","author":"Stefan Carl Em Huisken","twitter_card":"summary_large_image","twitter_misc":{"Geschrieben von":"Stefan Carl Em Huisken","Gesch\u00e4tzte Lesezeit":"2\u00a0Minuten"},"schema":{"@context":"https:\/\/schema.org","@graph":[{"@type":"Article","@id":"https:\/\/emhuisken.de\/wordpress\/2023\/04\/michael-weg\/#article","isPartOf":{"@id":"https:\/\/emhuisken.de\/wordpress\/2023\/04\/michael-weg\/"},"author":{"name":"Stefan Carl Em Huisken","@id":"https:\/\/emhuisken.de\/wordpress\/#\/schema\/person\/d97bf7d74295f11fe6963296f0232ec3"},"headline":"Michaels Weg","datePublished":"2023-04-08T21:41:08+00:00","dateModified":"2023-04-08T21:41:56+00:00","mainEntityOfPage":{"@id":"https:\/\/emhuisken.de\/wordpress\/2023\/04\/michael-weg\/"},"wordCount":294,"commentCount":0,"publisher":{"@id":"https:\/\/emhuisken.de\/wordpress\/#organization"},"keywords":["Christus","Gedichte","Gott","Kosmos","Michael","Welt"],"articleSection":["Geisteswissenschaft","Literatur"],"inLanguage":"de","potentialAction":[{"@type":"CommentAction","name":"Comment","target":["https:\/\/emhuisken.de\/wordpress\/2023\/04\/michael-weg\/#respond"]}]},{"@type":"WebPage","@id":"https:\/\/emhuisken.de\/wordpress\/2023\/04\/michael-weg\/","url":"https:\/\/emhuisken.de\/wordpress\/2023\/04\/michael-weg\/","name":"Michaels Weg \u2013 Der Weg des Michael","isPartOf":{"@id":"https:\/\/emhuisken.de\/wordpress\/#website"},"datePublished":"2023-04-08T21:41:08+00:00","dateModified":"2023-04-08T21:41:56+00:00","description":"Was ist der Weg, den uns der Erzengel Michael zeigt? Wohin f\u00fchrt er? Ein lyrisch-philosophischer Versuch \u00fcber diese Frage.","breadcrumb":{"@id":"https:\/\/emhuisken.de\/wordpress\/2023\/04\/michael-weg\/#breadcrumb"},"inLanguage":"de","potentialAction":[{"@type":"ReadAction","target":["https:\/\/emhuisken.de\/wordpress\/2023\/04\/michael-weg\/"]}]},{"@type":"BreadcrumbList","@id":"https:\/\/emhuisken.de\/wordpress\/2023\/04\/michael-weg\/#breadcrumb","itemListElement":[{"@type":"ListItem","position":1,"name":"Home","item":"https:\/\/emhuisken.de\/wordpress\/"},{"@type":"ListItem","position":2,"name":"Michaels Weg"}]},{"@type":"WebSite","@id":"https:\/\/emhuisken.de\/wordpress\/#website","url":"https:\/\/emhuisken.de\/wordpress\/","name":"Musik \u2013 Wort \u2013 Geisteswissenschaft","description":"Ton-, Wort-, Gedankenkunst","publisher":{"@id":"https:\/\/emhuisken.de\/wordpress\/#organization"},"potentialAction":[{"@type":"SearchAction","target":{"@type":"EntryPoint","urlTemplate":"https:\/\/emhuisken.de\/wordpress\/?s={search_term_string}"},"query-input":{"@type":"PropertyValueSpecification","valueRequired":true,"valueName":"search_term_string"}}],"inLanguage":"de"},{"@type":"Organization","@id":"https:\/\/emhuisken.de\/wordpress\/#organization","name":"Musik \u2013 Wort \u2013 Geisteswissenschaft","url":"https:\/\/emhuisken.de\/wordpress\/","logo":{"@type":"ImageObject","inLanguage":"de","@id":"https:\/\/emhuisken.de\/wordpress\/#\/schema\/logo\/image\/","url":"https:\/\/emhuisken.de\/wordpress\/wp-content\/uploads\/2014\/10\/eh_logo_schatten_240x66-1.png","contentUrl":"https:\/\/emhuisken.de\/wordpress\/wp-content\/uploads\/2014\/10\/eh_logo_schatten_240x66-1.png","width":240,"height":66,"caption":"Musik \u2013 Wort \u2013 Geisteswissenschaft"},"image":{"@id":"https:\/\/emhuisken.de\/wordpress\/#\/schema\/logo\/image\/"}},{"@type":"Person","@id":"https:\/\/emhuisken.de\/wordpress\/#\/schema\/person\/d97bf7d74295f11fe6963296f0232ec3","name":"Stefan Carl Em Huisken","url":"https:\/\/emhuisken.de\/wordpress\/author\/shoeschen\/"}]}},"_links":{"self":[{"href":"https:\/\/emhuisken.de\/wordpress\/wp-json\/wp\/v2\/posts\/4075","targetHints":{"allow":["GET"]}}],"collection":[{"href":"https:\/\/emhuisken.de\/wordpress\/wp-json\/wp\/v2\/posts"}],"about":[{"href":"https:\/\/emhuisken.de\/wordpress\/wp-json\/wp\/v2\/types\/post"}],"author":[{"embeddable":true,"href":"https:\/\/emhuisken.de\/wordpress\/wp-json\/wp\/v2\/users\/1"}],"replies":[{"embeddable":true,"href":"https:\/\/emhuisken.de\/wordpress\/wp-json\/wp\/v2\/comments?post=4075"}],"version-history":[{"count":2,"href":"https:\/\/emhuisken.de\/wordpress\/wp-json\/wp\/v2\/posts\/4075\/revisions"}],"predecessor-version":[{"id":4077,"href":"https:\/\/emhuisken.de\/wordpress\/wp-json\/wp\/v2\/posts\/4075\/revisions\/4077"}],"wp:attachment":[{"href":"https:\/\/emhuisken.de\/wordpress\/wp-json\/wp\/v2\/media?parent=4075"}],"wp:term":[{"taxonomy":"category","embeddable":true,"href":"https:\/\/emhuisken.de\/wordpress\/wp-json\/wp\/v2\/categories?post=4075"},{"taxonomy":"post_tag","embeddable":true,"href":"https:\/\/emhuisken.de\/wordpress\/wp-json\/wp\/v2\/tags?post=4075"}],"curies":[{"name":"wp","href":"https:\/\/api.w.org\/{rel}","templated":true}]}}