{"id":331,"date":"2016-09-16T00:06:37","date_gmt":"2016-09-15T23:06:37","guid":{"rendered":"http:\/\/emhuisken.de\/wordpress\/wort\/?p=331"},"modified":"2020-11-23T23:17:40","modified_gmt":"2020-11-23T22:17:40","slug":"verlag-gefunden","status":"publish","type":"post","link":"https:\/\/emhuisken.de\/wordpress\/2016\/09\/verlag-gefunden\/","title":{"rendered":"Verlag gefunden &#8211; Geschichten vom Weltenrand"},"content":{"rendered":"<div class=\"pdfprnt-buttons pdfprnt-buttons-post pdfprnt-top-right\"><a href=\"https:\/\/emhuisken.de\/wordpress\/wp-json\/wp\/v2\/posts\/331?print=print\" class=\"pdfprnt-button pdfprnt-button-print\" target=\"_blank\" ><img decoding=\"async\" src=\"https:\/\/emhuisken.de\/wordpress\/wp-content\/plugins\/pdf-print\/images\/print.png\" alt=\"image_print\" title=\"Print Content\" \/><span class=\"pdfprnt-button-title pdfprnt-button-print-title\">F\u00fcr l\u00e4ngere Texte empfehle ich vorherigen Ausdruck<\/span><\/a><\/div><h6>Geschichten vom Weltenrand<\/h6>\n<p>Am Weltenrand ist man schon ein bisschen, hier in Norden\/Ostfriesland, wo man erst eine Stunde lang nach Deutschland f\u00e4hrt, bevor man sich dann \u00fcberlegen kann, wo man eigentlich hin will. Aber wo sonst sollte man auch &#8222;Geschichten vom Weltenrand&#8220; schreiben?<\/p>\n<h6>Verlag<\/h6>\n<p>Seit gut einem Jahr war ich auf der Suche nach einem &#8222;passenden&#8220; Verlag f\u00fcr meine &#8222;M\u00e4rchenhaften Erz\u00e4hlungen&#8220;, und jetzt ist es soweit. Er ist \u00e4hnlich nahe am Weltenrand wie Norden, so viel sei schon einmal verraten.<br \/>\nIch hatte eigentlich ganz woanders angefragt. Dort passten meine Geschichten allerdings nicht wirklich ins Programm, aber der Verleger ist ein erfahrener und bewanderter Mann: er gab mir den Tipp, der jetzt zur Ver\u00f6ffentlichung f\u00fchren wird.<a href=\"http:\/\/emhuisken.de\/wordpress\/wp-content\/uploads\/2016\/09\/U1.jpeg\"><img loading=\"lazy\" decoding=\"async\" class=\"alignright wp-image-332 size-medium\" src=\"http:\/\/emhuisken.de\/wordpress\/wp-content\/uploads\/2016\/09\/U1-200x300.jpeg\" alt=\"Umschlag \" width=\"200\" height=\"300\" \/><\/a><\/p>\n<p>Hier schon mal vorab die Titelseite, wie sie aussehen wird:<\/p>\n<p>&nbsp;<\/p>\n<p>Mehr dann demn\u00e4chst, wenn alles g\u00e4nzlich in trockenen T\u00fcchern ist.<\/p>\n","protected":false},"excerpt":{"rendered":"<p>Geschichten vom Weltenrand Am Weltenrand ist man schon ein bisschen, hier in Norden\/Ostfriesland, wo man erst eine Stunde lang nach Deutschland f\u00e4hrt, bevor man sich dann \u00fcberlegen kann, wo man eigentlich hin will. Aber wo sonst sollte man auch &#8222;Geschichten vom Weltenrand&#8220; schreiben? Verlag Seit gut einem Jahr war ich auf der Suche nach [&#8230;]<\/p>\n","protected":false},"author":1,"featured_media":0,"comment_status":"open","ping_status":"closed","sticky":false,"template":"","format":"standard","meta":{"footnotes":""},"categories":[102],"tags":[173,236,171,315,172],"class_list":["post-331","post","type-post","status-publish","format-standard","hentry","category-literatur","tag-buch","tag-geschichten","tag-geschichten-vom-weltenrand","tag-projekte","tag-weltenrand"],"yoast_head":"<!-- This site is optimized with the Yoast SEO plugin v27.4 - https:\/\/yoast.com\/product\/yoast-seo-wordpress\/ -->\n<title>Verlag gefunden f\u00fcr Carl em Huiskens &quot;Geschichten vom Weltenrand&quot;<\/title>\n<meta name=\"description\" content=\"F\u00fcr die Ver\u00f6ffentlichung der &quot;Geschichten vom Weltenrand&quot; von Carl em Huisken ist ein &quot;passender&quot; Verlag gefunden worden.\" \/>\n<meta name=\"robots\" content=\"index, follow, max-snippet:-1, max-image-preview:large, max-video-preview:-1\" \/>\n<link rel=\"canonical\" href=\"https:\/\/emhuisken.de\/wordpress\/2016\/09\/verlag-gefunden\/\" \/>\n<meta property=\"og:locale\" content=\"de_DE\" \/>\n<meta property=\"og:type\" content=\"article\" \/>\n<meta property=\"og:title\" content=\"Verlag gefunden f\u00fcr Carl em Huiskens &quot;Geschichten vom Weltenrand&quot;\" \/>\n<meta property=\"og:description\" content=\"F\u00fcr die Ver\u00f6ffentlichung der &quot;Geschichten vom Weltenrand&quot; von Carl em Huisken ist ein &quot;passender&quot; Verlag gefunden worden.\" \/>\n<meta property=\"og:url\" content=\"https:\/\/emhuisken.de\/wordpress\/2016\/09\/verlag-gefunden\/\" \/>\n<meta property=\"og:site_name\" content=\"Musik \u2013 Wort \u2013 Geisteswissenschaft\" \/>\n<meta property=\"article:published_time\" content=\"2016-09-15T23:06:37+00:00\" \/>\n<meta property=\"article:modified_time\" content=\"2020-11-23T22:17:40+00:00\" \/>\n<meta property=\"og:image\" content=\"http:\/\/emhuisken.de\/wordpress\/wp-content\/uploads\/2016\/09\/U1-200x300.jpeg\" \/>\n<meta name=\"author\" content=\"Stefan Carl Em Huisken\" \/>\n<meta name=\"twitter:card\" content=\"summary_large_image\" \/>\n<meta name=\"twitter:label1\" content=\"Geschrieben von\" \/>\n\t<meta name=\"twitter:data1\" content=\"Stefan Carl Em Huisken\" \/>\n\t<meta name=\"twitter:label2\" content=\"Gesch\u00e4tzte Lesezeit\" \/>\n\t<meta name=\"twitter:data2\" content=\"1\u00a0Minute\" \/>\n<script type=\"application\/ld+json\" class=\"yoast-schema-graph\">{\"@context\":\"https:\\\/\\\/schema.org\",\"@graph\":[{\"@type\":\"Article\",\"@id\":\"https:\\\/\\\/emhuisken.de\\\/wordpress\\\/2016\\\/09\\\/verlag-gefunden\\\/#article\",\"isPartOf\":{\"@id\":\"https:\\\/\\\/emhuisken.de\\\/wordpress\\\/2016\\\/09\\\/verlag-gefunden\\\/\"},\"author\":{\"name\":\"Stefan Carl Em Huisken\",\"@id\":\"https:\\\/\\\/emhuisken.de\\\/wordpress\\\/#\\\/schema\\\/person\\\/d97bf7d74295f11fe6963296f0232ec3\"},\"headline\":\"Verlag gefunden &#8211; Geschichten vom Weltenrand\",\"datePublished\":\"2016-09-15T23:06:37+00:00\",\"dateModified\":\"2020-11-23T22:17:40+00:00\",\"mainEntityOfPage\":{\"@id\":\"https:\\\/\\\/emhuisken.de\\\/wordpress\\\/2016\\\/09\\\/verlag-gefunden\\\/\"},\"wordCount\":152,\"commentCount\":0,\"publisher\":{\"@id\":\"https:\\\/\\\/emhuisken.de\\\/wordpress\\\/#organization\"},\"image\":{\"@id\":\"https:\\\/\\\/emhuisken.de\\\/wordpress\\\/2016\\\/09\\\/verlag-gefunden\\\/#primaryimage\"},\"thumbnailUrl\":\"http:\\\/\\\/emhuisken.de\\\/wordpress\\\/wp-content\\\/uploads\\\/2016\\\/09\\\/U1-200x300.jpeg\",\"keywords\":[\"Buch\",\"Geschichten\",\"Geschichten vom Weltenrand\",\"Projekte\",\"Weltenrand\"],\"articleSection\":[\"Literatur\"],\"inLanguage\":\"de\",\"potentialAction\":[{\"@type\":\"CommentAction\",\"name\":\"Comment\",\"target\":[\"https:\\\/\\\/emhuisken.de\\\/wordpress\\\/2016\\\/09\\\/verlag-gefunden\\\/#respond\"]}]},{\"@type\":\"WebPage\",\"@id\":\"https:\\\/\\\/emhuisken.de\\\/wordpress\\\/2016\\\/09\\\/verlag-gefunden\\\/\",\"url\":\"https:\\\/\\\/emhuisken.de\\\/wordpress\\\/2016\\\/09\\\/verlag-gefunden\\\/\",\"name\":\"Verlag gefunden f\u00fcr Carl em Huiskens \\\"Geschichten vom Weltenrand\\\"\",\"isPartOf\":{\"@id\":\"https:\\\/\\\/emhuisken.de\\\/wordpress\\\/#website\"},\"primaryImageOfPage\":{\"@id\":\"https:\\\/\\\/emhuisken.de\\\/wordpress\\\/2016\\\/09\\\/verlag-gefunden\\\/#primaryimage\"},\"image\":{\"@id\":\"https:\\\/\\\/emhuisken.de\\\/wordpress\\\/2016\\\/09\\\/verlag-gefunden\\\/#primaryimage\"},\"thumbnailUrl\":\"http:\\\/\\\/emhuisken.de\\\/wordpress\\\/wp-content\\\/uploads\\\/2016\\\/09\\\/U1-200x300.jpeg\",\"datePublished\":\"2016-09-15T23:06:37+00:00\",\"dateModified\":\"2020-11-23T22:17:40+00:00\",\"description\":\"F\u00fcr die Ver\u00f6ffentlichung der \\\"Geschichten vom Weltenrand\\\" von Carl em Huisken ist ein \\\"passender\\\" Verlag gefunden worden.\",\"breadcrumb\":{\"@id\":\"https:\\\/\\\/emhuisken.de\\\/wordpress\\\/2016\\\/09\\\/verlag-gefunden\\\/#breadcrumb\"},\"inLanguage\":\"de\",\"potentialAction\":[{\"@type\":\"ReadAction\",\"target\":[\"https:\\\/\\\/emhuisken.de\\\/wordpress\\\/2016\\\/09\\\/verlag-gefunden\\\/\"]}]},{\"@type\":\"ImageObject\",\"inLanguage\":\"de\",\"@id\":\"https:\\\/\\\/emhuisken.de\\\/wordpress\\\/2016\\\/09\\\/verlag-gefunden\\\/#primaryimage\",\"url\":\"https:\\\/\\\/emhuisken.de\\\/wordpress\\\/wp-content\\\/uploads\\\/2016\\\/09\\\/U1.jpeg\",\"contentUrl\":\"https:\\\/\\\/emhuisken.de\\\/wordpress\\\/wp-content\\\/uploads\\\/2016\\\/09\\\/U1.jpeg\",\"width\":371,\"height\":557},{\"@type\":\"BreadcrumbList\",\"@id\":\"https:\\\/\\\/emhuisken.de\\\/wordpress\\\/2016\\\/09\\\/verlag-gefunden\\\/#breadcrumb\",\"itemListElement\":[{\"@type\":\"ListItem\",\"position\":1,\"name\":\"Home\",\"item\":\"https:\\\/\\\/emhuisken.de\\\/wordpress\\\/\"},{\"@type\":\"ListItem\",\"position\":2,\"name\":\"Verlag gefunden &#8211; Geschichten vom Weltenrand\"}]},{\"@type\":\"WebSite\",\"@id\":\"https:\\\/\\\/emhuisken.de\\\/wordpress\\\/#website\",\"url\":\"https:\\\/\\\/emhuisken.de\\\/wordpress\\\/\",\"name\":\"Musik \u2013 Wort \u2013 Geisteswissenschaft\",\"description\":\"Ton-, Wort-, Gedankenkunst\",\"publisher\":{\"@id\":\"https:\\\/\\\/emhuisken.de\\\/wordpress\\\/#organization\"},\"potentialAction\":[{\"@type\":\"SearchAction\",\"target\":{\"@type\":\"EntryPoint\",\"urlTemplate\":\"https:\\\/\\\/emhuisken.de\\\/wordpress\\\/?s={search_term_string}\"},\"query-input\":{\"@type\":\"PropertyValueSpecification\",\"valueRequired\":true,\"valueName\":\"search_term_string\"}}],\"inLanguage\":\"de\"},{\"@type\":\"Organization\",\"@id\":\"https:\\\/\\\/emhuisken.de\\\/wordpress\\\/#organization\",\"name\":\"Musik \u2013 Wort \u2013 Geisteswissenschaft\",\"url\":\"https:\\\/\\\/emhuisken.de\\\/wordpress\\\/\",\"logo\":{\"@type\":\"ImageObject\",\"inLanguage\":\"de\",\"@id\":\"https:\\\/\\\/emhuisken.de\\\/wordpress\\\/#\\\/schema\\\/logo\\\/image\\\/\",\"url\":\"https:\\\/\\\/emhuisken.de\\\/wordpress\\\/wp-content\\\/uploads\\\/2014\\\/10\\\/eh_logo_schatten_240x66-1.png\",\"contentUrl\":\"https:\\\/\\\/emhuisken.de\\\/wordpress\\\/wp-content\\\/uploads\\\/2014\\\/10\\\/eh_logo_schatten_240x66-1.png\",\"width\":240,\"height\":66,\"caption\":\"Musik \u2013 Wort \u2013 Geisteswissenschaft\"},\"image\":{\"@id\":\"https:\\\/\\\/emhuisken.de\\\/wordpress\\\/#\\\/schema\\\/logo\\\/image\\\/\"}},{\"@type\":\"Person\",\"@id\":\"https:\\\/\\\/emhuisken.de\\\/wordpress\\\/#\\\/schema\\\/person\\\/d97bf7d74295f11fe6963296f0232ec3\",\"name\":\"Stefan Carl Em Huisken\",\"url\":\"https:\\\/\\\/emhuisken.de\\\/wordpress\\\/author\\\/shoeschen\\\/\"}]}<\/script>\n<!-- \/ Yoast SEO plugin. -->","yoast_head_json":{"title":"Verlag gefunden f\u00fcr Carl em Huiskens \"Geschichten vom Weltenrand\"","description":"F\u00fcr die Ver\u00f6ffentlichung der \"Geschichten vom Weltenrand\" von Carl em Huisken ist ein \"passender\" Verlag gefunden worden.","robots":{"index":"index","follow":"follow","max-snippet":"max-snippet:-1","max-image-preview":"max-image-preview:large","max-video-preview":"max-video-preview:-1"},"canonical":"https:\/\/emhuisken.de\/wordpress\/2016\/09\/verlag-gefunden\/","og_locale":"de_DE","og_type":"article","og_title":"Verlag gefunden f\u00fcr Carl em Huiskens \"Geschichten vom Weltenrand\"","og_description":"F\u00fcr die Ver\u00f6ffentlichung der \"Geschichten vom Weltenrand\" von Carl em Huisken ist ein \"passender\" Verlag gefunden worden.","og_url":"https:\/\/emhuisken.de\/wordpress\/2016\/09\/verlag-gefunden\/","og_site_name":"Musik \u2013 Wort \u2013 Geisteswissenschaft","article_published_time":"2016-09-15T23:06:37+00:00","article_modified_time":"2020-11-23T22:17:40+00:00","og_image":[{"url":"http:\/\/emhuisken.de\/wordpress\/wp-content\/uploads\/2016\/09\/U1-200x300.jpeg","type":"","width":"","height":""}],"author":"Stefan Carl Em Huisken","twitter_card":"summary_large_image","twitter_misc":{"Geschrieben von":"Stefan Carl Em Huisken","Gesch\u00e4tzte Lesezeit":"1\u00a0Minute"},"schema":{"@context":"https:\/\/schema.org","@graph":[{"@type":"Article","@id":"https:\/\/emhuisken.de\/wordpress\/2016\/09\/verlag-gefunden\/#article","isPartOf":{"@id":"https:\/\/emhuisken.de\/wordpress\/2016\/09\/verlag-gefunden\/"},"author":{"name":"Stefan Carl Em Huisken","@id":"https:\/\/emhuisken.de\/wordpress\/#\/schema\/person\/d97bf7d74295f11fe6963296f0232ec3"},"headline":"Verlag gefunden &#8211; Geschichten vom Weltenrand","datePublished":"2016-09-15T23:06:37+00:00","dateModified":"2020-11-23T22:17:40+00:00","mainEntityOfPage":{"@id":"https:\/\/emhuisken.de\/wordpress\/2016\/09\/verlag-gefunden\/"},"wordCount":152,"commentCount":0,"publisher":{"@id":"https:\/\/emhuisken.de\/wordpress\/#organization"},"image":{"@id":"https:\/\/emhuisken.de\/wordpress\/2016\/09\/verlag-gefunden\/#primaryimage"},"thumbnailUrl":"http:\/\/emhuisken.de\/wordpress\/wp-content\/uploads\/2016\/09\/U1-200x300.jpeg","keywords":["Buch","Geschichten","Geschichten vom Weltenrand","Projekte","Weltenrand"],"articleSection":["Literatur"],"inLanguage":"de","potentialAction":[{"@type":"CommentAction","name":"Comment","target":["https:\/\/emhuisken.de\/wordpress\/2016\/09\/verlag-gefunden\/#respond"]}]},{"@type":"WebPage","@id":"https:\/\/emhuisken.de\/wordpress\/2016\/09\/verlag-gefunden\/","url":"https:\/\/emhuisken.de\/wordpress\/2016\/09\/verlag-gefunden\/","name":"Verlag gefunden f\u00fcr Carl em Huiskens \"Geschichten vom Weltenrand\"","isPartOf":{"@id":"https:\/\/emhuisken.de\/wordpress\/#website"},"primaryImageOfPage":{"@id":"https:\/\/emhuisken.de\/wordpress\/2016\/09\/verlag-gefunden\/#primaryimage"},"image":{"@id":"https:\/\/emhuisken.de\/wordpress\/2016\/09\/verlag-gefunden\/#primaryimage"},"thumbnailUrl":"http:\/\/emhuisken.de\/wordpress\/wp-content\/uploads\/2016\/09\/U1-200x300.jpeg","datePublished":"2016-09-15T23:06:37+00:00","dateModified":"2020-11-23T22:17:40+00:00","description":"F\u00fcr die Ver\u00f6ffentlichung der \"Geschichten vom Weltenrand\" von Carl em Huisken ist ein \"passender\" Verlag gefunden worden.","breadcrumb":{"@id":"https:\/\/emhuisken.de\/wordpress\/2016\/09\/verlag-gefunden\/#breadcrumb"},"inLanguage":"de","potentialAction":[{"@type":"ReadAction","target":["https:\/\/emhuisken.de\/wordpress\/2016\/09\/verlag-gefunden\/"]}]},{"@type":"ImageObject","inLanguage":"de","@id":"https:\/\/emhuisken.de\/wordpress\/2016\/09\/verlag-gefunden\/#primaryimage","url":"https:\/\/emhuisken.de\/wordpress\/wp-content\/uploads\/2016\/09\/U1.jpeg","contentUrl":"https:\/\/emhuisken.de\/wordpress\/wp-content\/uploads\/2016\/09\/U1.jpeg","width":371,"height":557},{"@type":"BreadcrumbList","@id":"https:\/\/emhuisken.de\/wordpress\/2016\/09\/verlag-gefunden\/#breadcrumb","itemListElement":[{"@type":"ListItem","position":1,"name":"Home","item":"https:\/\/emhuisken.de\/wordpress\/"},{"@type":"ListItem","position":2,"name":"Verlag gefunden &#8211; Geschichten vom Weltenrand"}]},{"@type":"WebSite","@id":"https:\/\/emhuisken.de\/wordpress\/#website","url":"https:\/\/emhuisken.de\/wordpress\/","name":"Musik \u2013 Wort \u2013 Geisteswissenschaft","description":"Ton-, Wort-, Gedankenkunst","publisher":{"@id":"https:\/\/emhuisken.de\/wordpress\/#organization"},"potentialAction":[{"@type":"SearchAction","target":{"@type":"EntryPoint","urlTemplate":"https:\/\/emhuisken.de\/wordpress\/?s={search_term_string}"},"query-input":{"@type":"PropertyValueSpecification","valueRequired":true,"valueName":"search_term_string"}}],"inLanguage":"de"},{"@type":"Organization","@id":"https:\/\/emhuisken.de\/wordpress\/#organization","name":"Musik \u2013 Wort \u2013 Geisteswissenschaft","url":"https:\/\/emhuisken.de\/wordpress\/","logo":{"@type":"ImageObject","inLanguage":"de","@id":"https:\/\/emhuisken.de\/wordpress\/#\/schema\/logo\/image\/","url":"https:\/\/emhuisken.de\/wordpress\/wp-content\/uploads\/2014\/10\/eh_logo_schatten_240x66-1.png","contentUrl":"https:\/\/emhuisken.de\/wordpress\/wp-content\/uploads\/2014\/10\/eh_logo_schatten_240x66-1.png","width":240,"height":66,"caption":"Musik \u2013 Wort \u2013 Geisteswissenschaft"},"image":{"@id":"https:\/\/emhuisken.de\/wordpress\/#\/schema\/logo\/image\/"}},{"@type":"Person","@id":"https:\/\/emhuisken.de\/wordpress\/#\/schema\/person\/d97bf7d74295f11fe6963296f0232ec3","name":"Stefan Carl Em Huisken","url":"https:\/\/emhuisken.de\/wordpress\/author\/shoeschen\/"}]}},"_links":{"self":[{"href":"https:\/\/emhuisken.de\/wordpress\/wp-json\/wp\/v2\/posts\/331","targetHints":{"allow":["GET"]}}],"collection":[{"href":"https:\/\/emhuisken.de\/wordpress\/wp-json\/wp\/v2\/posts"}],"about":[{"href":"https:\/\/emhuisken.de\/wordpress\/wp-json\/wp\/v2\/types\/post"}],"author":[{"embeddable":true,"href":"https:\/\/emhuisken.de\/wordpress\/wp-json\/wp\/v2\/users\/1"}],"replies":[{"embeddable":true,"href":"https:\/\/emhuisken.de\/wordpress\/wp-json\/wp\/v2\/comments?post=331"}],"version-history":[{"count":1,"href":"https:\/\/emhuisken.de\/wordpress\/wp-json\/wp\/v2\/posts\/331\/revisions"}],"predecessor-version":[{"id":1195,"href":"https:\/\/emhuisken.de\/wordpress\/wp-json\/wp\/v2\/posts\/331\/revisions\/1195"}],"wp:attachment":[{"href":"https:\/\/emhuisken.de\/wordpress\/wp-json\/wp\/v2\/media?parent=331"}],"wp:term":[{"taxonomy":"category","embeddable":true,"href":"https:\/\/emhuisken.de\/wordpress\/wp-json\/wp\/v2\/categories?post=331"},{"taxonomy":"post_tag","embeddable":true,"href":"https:\/\/emhuisken.de\/wordpress\/wp-json\/wp\/v2\/tags?post=331"}],"curies":[{"name":"wp","href":"https:\/\/api.w.org\/{rel}","templated":true}]}}