{"id":3159,"date":"2022-03-04T20:15:28","date_gmt":"2022-03-04T19:15:28","guid":{"rendered":"https:\/\/emhuisken.de\/wordpress\/?p=3159"},"modified":"2024-03-19T11:03:55","modified_gmt":"2024-03-19T10:03:55","slug":"sonderhefte-die-lahnung-mitteilungen-fuer-individuelle-entwicklung-und-lebenskunde","status":"publish","type":"post","link":"https:\/\/emhuisken.de\/wordpress\/2022\/03\/sonderhefte-die-lahnung-mitteilungen-fuer-individuelle-entwicklung-und-lebenskunde\/","title":{"rendered":"Sonderhefte DIE LAHNUNG \u2013 Mitteilungen f\u00fcr individuelle Entwicklung und Lebenskunde"},"content":{"rendered":"<div class=\"pdfprnt-buttons pdfprnt-buttons-post pdfprnt-top-right\"><a href=\"https:\/\/emhuisken.de\/wordpress\/wp-json\/wp\/v2\/posts\/3159?print=print\" class=\"pdfprnt-button pdfprnt-button-print\" target=\"_blank\" ><img decoding=\"async\" src=\"https:\/\/emhuisken.de\/wordpress\/wp-content\/plugins\/pdf-print\/images\/print.png\" alt=\"image_print\" title=\"Print Content\" \/><span class=\"pdfprnt-button-title pdfprnt-button-print-title\">F\u00fcr l\u00e4ngere Texte empfehle ich vorherigen Ausdruck<\/span><\/a><\/div>\n<p>Seit Anfang 2020 gibt es \u2013 derzeit dreimal j\u00e4hrlich \u2013 unter dem Titel \u201eDIE LAHNUNG\u201c MItteilungen f\u00fcr individuelle Entwicklung und Lebenskunde. Worum es dabei genauer geht, ist <a href=\"https:\/\/emhuisken.de\/wordpress\/die-lahnung-mitteilungen-fuer-individuelle-entwicklung-und-lebenskunde\/\" target=\"_blank\" rel=\"noreferrer noopener\">=&gt;hier<\/a> beschrieben. Ab jetzt gibt es dazu auch Sonderhefte.<\/p>\n\n\n\n<p>Im Rahmen der Arbeit an diesem Projekt entstanden auch umfangreichere Texte, unter anderem das Buch <a href=\"https:\/\/emhuisken.de\/wordpress\/produkt\/wahnsinn-und-denken-der-kampf-um-den-menschen\/\" target=\"_blank\" rel=\"noreferrer noopener\">\u201eWahnsinn und Denken. Der Kampf um den Menschen\u201c<\/a> und mehrere Ver\u00f6ffentlichungen zur Geisteswissenschaft hier auf dieser Netzpr\u00e4senz (siehe <a href=\"https:\/\/emhuisken.de\/wordpress\/uebersicht-beitraege-geisteswissenschaft\/\" target=\"_blank\" rel=\"noreferrer noopener\">=&gt; hier<\/a>).<\/p>\n\n\n\n<p>Nun sind zwei sehr verschiedene, etwas umfangreichere Arbeiten entstanden, die auch einzeln, f\u00fcr sich stehend von Interesse sein k\u00f6nnen. Ich biete sie daher nun als Sonderhefte zu den Mitteilungen f\u00fcr individuelle Entwicklung und Menschenkunde an. Es ist ja gewiss etwas sehr verschiedenes, ob man irgendwelche Texte und Bilder als Teil der virtuellen Welt auf dem Computerbildschirm zur Kenntnis nimmt, oder ein ordentliches Heft, im zweiten Falle auch mit farbigen Abbildungen in der Hand h\u00e4lt und damit umgehen kann.<\/p>\n\n\n<div class=\"wp-block-image\">\n<figure class=\"alignright size-full is-resized\"><a href=\"https:\/\/emhuisken.de\/wordpress\/wp-content\/uploads\/2024\/03\/Kaleidoskopgarten_Cover_Deckel_web.jpg\"><img loading=\"lazy\" decoding=\"async\" width=\"1800\" height=\"1230\" src=\"https:\/\/emhuisken.de\/wordpress\/wp-content\/uploads\/2024\/03\/Kaleidoskopgarten_Cover_Deckel_web.jpg\" alt=\"\" class=\"wp-image-4336\" style=\"width:208px;height:148px\" srcset=\"https:\/\/emhuisken.de\/wordpress\/wp-content\/uploads\/2024\/03\/Kaleidoskopgarten_Cover_Deckel_web.jpg 1800w, https:\/\/emhuisken.de\/wordpress\/wp-content\/uploads\/2024\/03\/Kaleidoskopgarten_Cover_Deckel_web-300x205.jpg 300w, https:\/\/emhuisken.de\/wordpress\/wp-content\/uploads\/2024\/03\/Kaleidoskopgarten_Cover_Deckel_web-1024x700.jpg 1024w, https:\/\/emhuisken.de\/wordpress\/wp-content\/uploads\/2024\/03\/Kaleidoskopgarten_Cover_Deckel_web-768x525.jpg 768w, https:\/\/emhuisken.de\/wordpress\/wp-content\/uploads\/2024\/03\/Kaleidoskopgarten_Cover_Deckel_web-600x410.jpg 600w, https:\/\/emhuisken.de\/wordpress\/wp-content\/uploads\/2024\/03\/Kaleidoskopgarten_Cover_Deckel_web-1536x1050.jpg 1536w, https:\/\/emhuisken.de\/wordpress\/wp-content\/uploads\/2024\/03\/Kaleidoskopgarten_Cover_Deckel_web-400x273.jpg 400w, https:\/\/emhuisken.de\/wordpress\/wp-content\/uploads\/2024\/03\/Kaleidoskopgarten_Cover_Deckel_web-556x380.jpg 556w, https:\/\/emhuisken.de\/wordpress\/wp-content\/uploads\/2024\/03\/Kaleidoskopgarten_Cover_Deckel_web-200x137.jpg 200w\" sizes=\"auto, (max-width: 1800px) 100vw, 1800px\" \/><\/a><\/figure>\n<\/div>\n\n\n<p>Das <a href=\"https:\/\/emhuisken.de\/wordpress\/produkt\/die-lahnung-sonderheft-1-furcht-und-angst-schluessel-zur-gegenwart-des-menschen\/\" target=\"_blank\" rel=\"noreferrer noopener\">erste Sonderheft<\/a> enth\u00e4lt einen l\u00e4ngeren Aufsatz von mir zum Thema \u201eFurcht und Angst \u2013 Schl\u00fcssel zur Gegenwart des Menschen\u201c, das zweite Heft \u201e12 Geschichten aus dem Kaleidoskop-Garten\u201c von Annette Bogatay zur Gobelinstickerei \u201eKaleidoskop\u201c von Christiane H\u00f6schen. Beide Hefte sind in K\u00fcrze verf\u00fcgbar; sie k\u00f6nnen bereits jetzt bestellt werden. (Anmerkung zum Sonderheft 2: Das Heft ist ausverkauft. Es wurde durch eine sch\u00f6ne Ausgabe in gr\u00f6\u00dferem Format ersetzt, die Sie <a href=\"https:\/\/emhuisken.de\/wordpress\/produkt\/geschichten-aus-dem-kaleidoskop-garten-grossausgabe\/\">=>hier<\/a> finden k\u00f6nnen)<\/p>\n\n\n\n<p>Ich w\u00fcnsche jedenfalls beiden neuen Ver\u00f6ffentlichungen viele Leser.<\/p>\n\n\n\n<p>Interessenten, die diese Hefte gewerblich weiterverkaufen m\u00f6chten, erhalten einen g\u00e4ngigen Wiederverk\u00e4uferrabatt. Bitte fragen Sie in diesem Fall an.<\/p>\n\n\n\n<p><\/p>\n","protected":false},"excerpt":{"rendered":"<p>Seit Anfang 2020 gibt es \u2013 derzeit dreimal j\u00e4hrlich \u2013 unter dem Titel \u201eDIE LAHNUNG\u201c MItteilungen f\u00fcr individuelle Entwicklung und Lebenskunde. Ab jetzt gibt es dazu auch Sonderhefte.<\/p>\n","protected":false},"author":1,"featured_media":0,"comment_status":"open","ping_status":"closed","sticky":false,"template":"","format":"standard","meta":{"footnotes":""},"categories":[405,267],"tags":[407,207,236,450,451,449],"class_list":["post-3159","post","type-post","status-publish","format-standard","hentry","category-die-lahnung","category-geisteswissenschaft","tag-die-lahnung","tag-geisteswissenschaft","tag-geschichten","tag-neue-produkte","tag-shop","tag-sonderhefte"],"yoast_head":"<!-- This site is optimized with the Yoast SEO plugin v27.4 - https:\/\/yoast.com\/product\/yoast-seo-wordpress\/ -->\n<title>Sonderhefte DIE LAHNUNG mit besonderen Beitr\u00e4gen<\/title>\n<meta name=\"description\" content=\"Zu den \u201eMitteilungen f\u00fcr individuelle Entwicklung und Lebenskunde\u201c gibt es ab sofort auch Sonderhefte mit besonderen Beitr\u00e4gen\" \/>\n<meta name=\"robots\" content=\"index, follow, max-snippet:-1, max-image-preview:large, max-video-preview:-1\" \/>\n<link rel=\"canonical\" href=\"https:\/\/emhuisken.de\/wordpress\/2022\/03\/sonderhefte-die-lahnung-mitteilungen-fuer-individuelle-entwicklung-und-lebenskunde\/\" \/>\n<meta property=\"og:locale\" content=\"de_DE\" \/>\n<meta property=\"og:type\" content=\"article\" \/>\n<meta property=\"og:title\" content=\"Sonderhefte DIE LAHNUNG mit besonderen Beitr\u00e4gen\" \/>\n<meta property=\"og:description\" content=\"Zu den \u201eMitteilungen f\u00fcr individuelle Entwicklung und Lebenskunde\u201c gibt es ab sofort auch Sonderhefte mit besonderen Beitr\u00e4gen\" \/>\n<meta property=\"og:url\" content=\"https:\/\/emhuisken.de\/wordpress\/2022\/03\/sonderhefte-die-lahnung-mitteilungen-fuer-individuelle-entwicklung-und-lebenskunde\/\" \/>\n<meta property=\"og:site_name\" content=\"Musik \u2013 Wort \u2013 Geisteswissenschaft\" \/>\n<meta property=\"article:published_time\" content=\"2022-03-04T19:15:28+00:00\" \/>\n<meta property=\"article:modified_time\" content=\"2024-03-19T10:03:55+00:00\" \/>\n<meta property=\"og:image\" content=\"https:\/\/emhuisken.de\/wordpress\/wp-content\/uploads\/2024\/03\/Kaleidoskopgarten_Cover_Deckel_web.jpg\" \/>\n<meta name=\"author\" content=\"Stefan Carl Em Huisken\" \/>\n<meta name=\"twitter:card\" content=\"summary_large_image\" \/>\n<meta name=\"twitter:label1\" content=\"Geschrieben von\" \/>\n\t<meta name=\"twitter:data1\" content=\"Stefan Carl Em Huisken\" \/>\n\t<meta name=\"twitter:label2\" content=\"Gesch\u00e4tzte Lesezeit\" \/>\n\t<meta name=\"twitter:data2\" content=\"2\u00a0Minuten\" \/>\n<script type=\"application\/ld+json\" class=\"yoast-schema-graph\">{\"@context\":\"https:\\\/\\\/schema.org\",\"@graph\":[{\"@type\":\"Article\",\"@id\":\"https:\\\/\\\/emhuisken.de\\\/wordpress\\\/2022\\\/03\\\/sonderhefte-die-lahnung-mitteilungen-fuer-individuelle-entwicklung-und-lebenskunde\\\/#article\",\"isPartOf\":{\"@id\":\"https:\\\/\\\/emhuisken.de\\\/wordpress\\\/2022\\\/03\\\/sonderhefte-die-lahnung-mitteilungen-fuer-individuelle-entwicklung-und-lebenskunde\\\/\"},\"author\":{\"name\":\"Stefan Carl Em Huisken\",\"@id\":\"https:\\\/\\\/emhuisken.de\\\/wordpress\\\/#\\\/schema\\\/person\\\/d97bf7d74295f11fe6963296f0232ec3\"},\"headline\":\"Sonderhefte DIE LAHNUNG \u2013 Mitteilungen f\u00fcr individuelle Entwicklung und Lebenskunde\",\"datePublished\":\"2022-03-04T19:15:28+00:00\",\"dateModified\":\"2024-03-19T10:03:55+00:00\",\"mainEntityOfPage\":{\"@id\":\"https:\\\/\\\/emhuisken.de\\\/wordpress\\\/2022\\\/03\\\/sonderhefte-die-lahnung-mitteilungen-fuer-individuelle-entwicklung-und-lebenskunde\\\/\"},\"wordCount\":275,\"commentCount\":0,\"publisher\":{\"@id\":\"https:\\\/\\\/emhuisken.de\\\/wordpress\\\/#organization\"},\"image\":{\"@id\":\"https:\\\/\\\/emhuisken.de\\\/wordpress\\\/2022\\\/03\\\/sonderhefte-die-lahnung-mitteilungen-fuer-individuelle-entwicklung-und-lebenskunde\\\/#primaryimage\"},\"thumbnailUrl\":\"https:\\\/\\\/emhuisken.de\\\/wordpress\\\/wp-content\\\/uploads\\\/2024\\\/03\\\/Kaleidoskopgarten_Cover_Deckel_web.jpg\",\"keywords\":[\"DIE LAHNUNG\",\"Geisteswissenschaft\",\"Geschichten\",\"Neue Produkte\",\"Shop\",\"Sonderhefte\"],\"articleSection\":[\"Die Lahnung\",\"Geisteswissenschaft\"],\"inLanguage\":\"de\",\"potentialAction\":[{\"@type\":\"CommentAction\",\"name\":\"Comment\",\"target\":[\"https:\\\/\\\/emhuisken.de\\\/wordpress\\\/2022\\\/03\\\/sonderhefte-die-lahnung-mitteilungen-fuer-individuelle-entwicklung-und-lebenskunde\\\/#respond\"]}]},{\"@type\":\"WebPage\",\"@id\":\"https:\\\/\\\/emhuisken.de\\\/wordpress\\\/2022\\\/03\\\/sonderhefte-die-lahnung-mitteilungen-fuer-individuelle-entwicklung-und-lebenskunde\\\/\",\"url\":\"https:\\\/\\\/emhuisken.de\\\/wordpress\\\/2022\\\/03\\\/sonderhefte-die-lahnung-mitteilungen-fuer-individuelle-entwicklung-und-lebenskunde\\\/\",\"name\":\"Sonderhefte DIE LAHNUNG mit besonderen Beitr\u00e4gen\",\"isPartOf\":{\"@id\":\"https:\\\/\\\/emhuisken.de\\\/wordpress\\\/#website\"},\"primaryImageOfPage\":{\"@id\":\"https:\\\/\\\/emhuisken.de\\\/wordpress\\\/2022\\\/03\\\/sonderhefte-die-lahnung-mitteilungen-fuer-individuelle-entwicklung-und-lebenskunde\\\/#primaryimage\"},\"image\":{\"@id\":\"https:\\\/\\\/emhuisken.de\\\/wordpress\\\/2022\\\/03\\\/sonderhefte-die-lahnung-mitteilungen-fuer-individuelle-entwicklung-und-lebenskunde\\\/#primaryimage\"},\"thumbnailUrl\":\"https:\\\/\\\/emhuisken.de\\\/wordpress\\\/wp-content\\\/uploads\\\/2024\\\/03\\\/Kaleidoskopgarten_Cover_Deckel_web.jpg\",\"datePublished\":\"2022-03-04T19:15:28+00:00\",\"dateModified\":\"2024-03-19T10:03:55+00:00\",\"description\":\"Zu den \u201eMitteilungen f\u00fcr individuelle Entwicklung und Lebenskunde\u201c gibt es ab sofort auch Sonderhefte mit besonderen Beitr\u00e4gen\",\"breadcrumb\":{\"@id\":\"https:\\\/\\\/emhuisken.de\\\/wordpress\\\/2022\\\/03\\\/sonderhefte-die-lahnung-mitteilungen-fuer-individuelle-entwicklung-und-lebenskunde\\\/#breadcrumb\"},\"inLanguage\":\"de\",\"potentialAction\":[{\"@type\":\"ReadAction\",\"target\":[\"https:\\\/\\\/emhuisken.de\\\/wordpress\\\/2022\\\/03\\\/sonderhefte-die-lahnung-mitteilungen-fuer-individuelle-entwicklung-und-lebenskunde\\\/\"]}]},{\"@type\":\"ImageObject\",\"inLanguage\":\"de\",\"@id\":\"https:\\\/\\\/emhuisken.de\\\/wordpress\\\/2022\\\/03\\\/sonderhefte-die-lahnung-mitteilungen-fuer-individuelle-entwicklung-und-lebenskunde\\\/#primaryimage\",\"url\":\"https:\\\/\\\/emhuisken.de\\\/wordpress\\\/wp-content\\\/uploads\\\/2024\\\/03\\\/Kaleidoskopgarten_Cover_Deckel_web.jpg\",\"contentUrl\":\"https:\\\/\\\/emhuisken.de\\\/wordpress\\\/wp-content\\\/uploads\\\/2024\\\/03\\\/Kaleidoskopgarten_Cover_Deckel_web.jpg\"},{\"@type\":\"BreadcrumbList\",\"@id\":\"https:\\\/\\\/emhuisken.de\\\/wordpress\\\/2022\\\/03\\\/sonderhefte-die-lahnung-mitteilungen-fuer-individuelle-entwicklung-und-lebenskunde\\\/#breadcrumb\",\"itemListElement\":[{\"@type\":\"ListItem\",\"position\":1,\"name\":\"Home\",\"item\":\"https:\\\/\\\/emhuisken.de\\\/wordpress\\\/\"},{\"@type\":\"ListItem\",\"position\":2,\"name\":\"Sonderhefte DIE LAHNUNG \u2013 Mitteilungen f\u00fcr individuelle Entwicklung und Lebenskunde\"}]},{\"@type\":\"WebSite\",\"@id\":\"https:\\\/\\\/emhuisken.de\\\/wordpress\\\/#website\",\"url\":\"https:\\\/\\\/emhuisken.de\\\/wordpress\\\/\",\"name\":\"Musik \u2013 Wort \u2013 Geisteswissenschaft\",\"description\":\"Ton-, Wort-, Gedankenkunst\",\"publisher\":{\"@id\":\"https:\\\/\\\/emhuisken.de\\\/wordpress\\\/#organization\"},\"potentialAction\":[{\"@type\":\"SearchAction\",\"target\":{\"@type\":\"EntryPoint\",\"urlTemplate\":\"https:\\\/\\\/emhuisken.de\\\/wordpress\\\/?s={search_term_string}\"},\"query-input\":{\"@type\":\"PropertyValueSpecification\",\"valueRequired\":true,\"valueName\":\"search_term_string\"}}],\"inLanguage\":\"de\"},{\"@type\":\"Organization\",\"@id\":\"https:\\\/\\\/emhuisken.de\\\/wordpress\\\/#organization\",\"name\":\"Musik \u2013 Wort \u2013 Geisteswissenschaft\",\"url\":\"https:\\\/\\\/emhuisken.de\\\/wordpress\\\/\",\"logo\":{\"@type\":\"ImageObject\",\"inLanguage\":\"de\",\"@id\":\"https:\\\/\\\/emhuisken.de\\\/wordpress\\\/#\\\/schema\\\/logo\\\/image\\\/\",\"url\":\"https:\\\/\\\/emhuisken.de\\\/wordpress\\\/wp-content\\\/uploads\\\/2014\\\/10\\\/eh_logo_schatten_240x66-1.png\",\"contentUrl\":\"https:\\\/\\\/emhuisken.de\\\/wordpress\\\/wp-content\\\/uploads\\\/2014\\\/10\\\/eh_logo_schatten_240x66-1.png\",\"width\":240,\"height\":66,\"caption\":\"Musik \u2013 Wort \u2013 Geisteswissenschaft\"},\"image\":{\"@id\":\"https:\\\/\\\/emhuisken.de\\\/wordpress\\\/#\\\/schema\\\/logo\\\/image\\\/\"}},{\"@type\":\"Person\",\"@id\":\"https:\\\/\\\/emhuisken.de\\\/wordpress\\\/#\\\/schema\\\/person\\\/d97bf7d74295f11fe6963296f0232ec3\",\"name\":\"Stefan Carl Em Huisken\",\"url\":\"https:\\\/\\\/emhuisken.de\\\/wordpress\\\/author\\\/shoeschen\\\/\"}]}<\/script>\n<!-- \/ Yoast SEO plugin. -->","yoast_head_json":{"title":"Sonderhefte DIE LAHNUNG mit besonderen Beitr\u00e4gen","description":"Zu den \u201eMitteilungen f\u00fcr individuelle Entwicklung und Lebenskunde\u201c gibt es ab sofort auch Sonderhefte mit besonderen Beitr\u00e4gen","robots":{"index":"index","follow":"follow","max-snippet":"max-snippet:-1","max-image-preview":"max-image-preview:large","max-video-preview":"max-video-preview:-1"},"canonical":"https:\/\/emhuisken.de\/wordpress\/2022\/03\/sonderhefte-die-lahnung-mitteilungen-fuer-individuelle-entwicklung-und-lebenskunde\/","og_locale":"de_DE","og_type":"article","og_title":"Sonderhefte DIE LAHNUNG mit besonderen Beitr\u00e4gen","og_description":"Zu den \u201eMitteilungen f\u00fcr individuelle Entwicklung und Lebenskunde\u201c gibt es ab sofort auch Sonderhefte mit besonderen Beitr\u00e4gen","og_url":"https:\/\/emhuisken.de\/wordpress\/2022\/03\/sonderhefte-die-lahnung-mitteilungen-fuer-individuelle-entwicklung-und-lebenskunde\/","og_site_name":"Musik \u2013 Wort \u2013 Geisteswissenschaft","article_published_time":"2022-03-04T19:15:28+00:00","article_modified_time":"2024-03-19T10:03:55+00:00","og_image":[{"url":"https:\/\/emhuisken.de\/wordpress\/wp-content\/uploads\/2024\/03\/Kaleidoskopgarten_Cover_Deckel_web.jpg","type":"","width":"","height":""}],"author":"Stefan Carl Em Huisken","twitter_card":"summary_large_image","twitter_misc":{"Geschrieben von":"Stefan Carl Em Huisken","Gesch\u00e4tzte Lesezeit":"2\u00a0Minuten"},"schema":{"@context":"https:\/\/schema.org","@graph":[{"@type":"Article","@id":"https:\/\/emhuisken.de\/wordpress\/2022\/03\/sonderhefte-die-lahnung-mitteilungen-fuer-individuelle-entwicklung-und-lebenskunde\/#article","isPartOf":{"@id":"https:\/\/emhuisken.de\/wordpress\/2022\/03\/sonderhefte-die-lahnung-mitteilungen-fuer-individuelle-entwicklung-und-lebenskunde\/"},"author":{"name":"Stefan Carl Em Huisken","@id":"https:\/\/emhuisken.de\/wordpress\/#\/schema\/person\/d97bf7d74295f11fe6963296f0232ec3"},"headline":"Sonderhefte DIE LAHNUNG \u2013 Mitteilungen f\u00fcr individuelle Entwicklung und Lebenskunde","datePublished":"2022-03-04T19:15:28+00:00","dateModified":"2024-03-19T10:03:55+00:00","mainEntityOfPage":{"@id":"https:\/\/emhuisken.de\/wordpress\/2022\/03\/sonderhefte-die-lahnung-mitteilungen-fuer-individuelle-entwicklung-und-lebenskunde\/"},"wordCount":275,"commentCount":0,"publisher":{"@id":"https:\/\/emhuisken.de\/wordpress\/#organization"},"image":{"@id":"https:\/\/emhuisken.de\/wordpress\/2022\/03\/sonderhefte-die-lahnung-mitteilungen-fuer-individuelle-entwicklung-und-lebenskunde\/#primaryimage"},"thumbnailUrl":"https:\/\/emhuisken.de\/wordpress\/wp-content\/uploads\/2024\/03\/Kaleidoskopgarten_Cover_Deckel_web.jpg","keywords":["DIE LAHNUNG","Geisteswissenschaft","Geschichten","Neue Produkte","Shop","Sonderhefte"],"articleSection":["Die Lahnung","Geisteswissenschaft"],"inLanguage":"de","potentialAction":[{"@type":"CommentAction","name":"Comment","target":["https:\/\/emhuisken.de\/wordpress\/2022\/03\/sonderhefte-die-lahnung-mitteilungen-fuer-individuelle-entwicklung-und-lebenskunde\/#respond"]}]},{"@type":"WebPage","@id":"https:\/\/emhuisken.de\/wordpress\/2022\/03\/sonderhefte-die-lahnung-mitteilungen-fuer-individuelle-entwicklung-und-lebenskunde\/","url":"https:\/\/emhuisken.de\/wordpress\/2022\/03\/sonderhefte-die-lahnung-mitteilungen-fuer-individuelle-entwicklung-und-lebenskunde\/","name":"Sonderhefte DIE LAHNUNG mit besonderen Beitr\u00e4gen","isPartOf":{"@id":"https:\/\/emhuisken.de\/wordpress\/#website"},"primaryImageOfPage":{"@id":"https:\/\/emhuisken.de\/wordpress\/2022\/03\/sonderhefte-die-lahnung-mitteilungen-fuer-individuelle-entwicklung-und-lebenskunde\/#primaryimage"},"image":{"@id":"https:\/\/emhuisken.de\/wordpress\/2022\/03\/sonderhefte-die-lahnung-mitteilungen-fuer-individuelle-entwicklung-und-lebenskunde\/#primaryimage"},"thumbnailUrl":"https:\/\/emhuisken.de\/wordpress\/wp-content\/uploads\/2024\/03\/Kaleidoskopgarten_Cover_Deckel_web.jpg","datePublished":"2022-03-04T19:15:28+00:00","dateModified":"2024-03-19T10:03:55+00:00","description":"Zu den \u201eMitteilungen f\u00fcr individuelle Entwicklung und Lebenskunde\u201c gibt es ab sofort auch Sonderhefte mit besonderen Beitr\u00e4gen","breadcrumb":{"@id":"https:\/\/emhuisken.de\/wordpress\/2022\/03\/sonderhefte-die-lahnung-mitteilungen-fuer-individuelle-entwicklung-und-lebenskunde\/#breadcrumb"},"inLanguage":"de","potentialAction":[{"@type":"ReadAction","target":["https:\/\/emhuisken.de\/wordpress\/2022\/03\/sonderhefte-die-lahnung-mitteilungen-fuer-individuelle-entwicklung-und-lebenskunde\/"]}]},{"@type":"ImageObject","inLanguage":"de","@id":"https:\/\/emhuisken.de\/wordpress\/2022\/03\/sonderhefte-die-lahnung-mitteilungen-fuer-individuelle-entwicklung-und-lebenskunde\/#primaryimage","url":"https:\/\/emhuisken.de\/wordpress\/wp-content\/uploads\/2024\/03\/Kaleidoskopgarten_Cover_Deckel_web.jpg","contentUrl":"https:\/\/emhuisken.de\/wordpress\/wp-content\/uploads\/2024\/03\/Kaleidoskopgarten_Cover_Deckel_web.jpg"},{"@type":"BreadcrumbList","@id":"https:\/\/emhuisken.de\/wordpress\/2022\/03\/sonderhefte-die-lahnung-mitteilungen-fuer-individuelle-entwicklung-und-lebenskunde\/#breadcrumb","itemListElement":[{"@type":"ListItem","position":1,"name":"Home","item":"https:\/\/emhuisken.de\/wordpress\/"},{"@type":"ListItem","position":2,"name":"Sonderhefte DIE LAHNUNG \u2013 Mitteilungen f\u00fcr individuelle Entwicklung und Lebenskunde"}]},{"@type":"WebSite","@id":"https:\/\/emhuisken.de\/wordpress\/#website","url":"https:\/\/emhuisken.de\/wordpress\/","name":"Musik \u2013 Wort \u2013 Geisteswissenschaft","description":"Ton-, Wort-, Gedankenkunst","publisher":{"@id":"https:\/\/emhuisken.de\/wordpress\/#organization"},"potentialAction":[{"@type":"SearchAction","target":{"@type":"EntryPoint","urlTemplate":"https:\/\/emhuisken.de\/wordpress\/?s={search_term_string}"},"query-input":{"@type":"PropertyValueSpecification","valueRequired":true,"valueName":"search_term_string"}}],"inLanguage":"de"},{"@type":"Organization","@id":"https:\/\/emhuisken.de\/wordpress\/#organization","name":"Musik \u2013 Wort \u2013 Geisteswissenschaft","url":"https:\/\/emhuisken.de\/wordpress\/","logo":{"@type":"ImageObject","inLanguage":"de","@id":"https:\/\/emhuisken.de\/wordpress\/#\/schema\/logo\/image\/","url":"https:\/\/emhuisken.de\/wordpress\/wp-content\/uploads\/2014\/10\/eh_logo_schatten_240x66-1.png","contentUrl":"https:\/\/emhuisken.de\/wordpress\/wp-content\/uploads\/2014\/10\/eh_logo_schatten_240x66-1.png","width":240,"height":66,"caption":"Musik \u2013 Wort \u2013 Geisteswissenschaft"},"image":{"@id":"https:\/\/emhuisken.de\/wordpress\/#\/schema\/logo\/image\/"}},{"@type":"Person","@id":"https:\/\/emhuisken.de\/wordpress\/#\/schema\/person\/d97bf7d74295f11fe6963296f0232ec3","name":"Stefan Carl Em Huisken","url":"https:\/\/emhuisken.de\/wordpress\/author\/shoeschen\/"}]}},"_links":{"self":[{"href":"https:\/\/emhuisken.de\/wordpress\/wp-json\/wp\/v2\/posts\/3159","targetHints":{"allow":["GET"]}}],"collection":[{"href":"https:\/\/emhuisken.de\/wordpress\/wp-json\/wp\/v2\/posts"}],"about":[{"href":"https:\/\/emhuisken.de\/wordpress\/wp-json\/wp\/v2\/types\/post"}],"author":[{"embeddable":true,"href":"https:\/\/emhuisken.de\/wordpress\/wp-json\/wp\/v2\/users\/1"}],"replies":[{"embeddable":true,"href":"https:\/\/emhuisken.de\/wordpress\/wp-json\/wp\/v2\/comments?post=3159"}],"version-history":[{"count":9,"href":"https:\/\/emhuisken.de\/wordpress\/wp-json\/wp\/v2\/posts\/3159\/revisions"}],"predecessor-version":[{"id":4338,"href":"https:\/\/emhuisken.de\/wordpress\/wp-json\/wp\/v2\/posts\/3159\/revisions\/4338"}],"wp:attachment":[{"href":"https:\/\/emhuisken.de\/wordpress\/wp-json\/wp\/v2\/media?parent=3159"}],"wp:term":[{"taxonomy":"category","embeddable":true,"href":"https:\/\/emhuisken.de\/wordpress\/wp-json\/wp\/v2\/categories?post=3159"},{"taxonomy":"post_tag","embeddable":true,"href":"https:\/\/emhuisken.de\/wordpress\/wp-json\/wp\/v2\/tags?post=3159"}],"curies":[{"name":"wp","href":"https:\/\/api.w.org\/{rel}","templated":true}]}}