{"id":2900,"date":"2019-07-19T14:06:00","date_gmt":"2019-07-19T13:06:00","guid":{"rendered":"https:\/\/emhuisken.de\/wordpress\/?p=2900"},"modified":"2022-11-22T11:39:42","modified_gmt":"2022-11-22T10:39:42","slug":"konzertbericht-12xk-aus-seelze-harenberg","status":"publish","type":"post","link":"https:\/\/emhuisken.de\/wordpress\/2019\/07\/konzertbericht-12xk-aus-seelze-harenberg\/","title":{"rendered":"Konzertbericht 12xk aus Seelze\/Harenberg"},"content":{"rendered":"<div class=\"pdfprnt-buttons pdfprnt-buttons-post pdfprnt-top-right\"><a href=\"https:\/\/emhuisken.de\/wordpress\/wp-json\/wp\/v2\/posts\/2900?print=print\" class=\"pdfprnt-button pdfprnt-button-print\" target=\"_blank\" ><img decoding=\"async\" src=\"https:\/\/emhuisken.de\/wordpress\/wp-content\/plugins\/pdf-print\/images\/print.png\" alt=\"image_print\" title=\"Print Content\" \/><span class=\"pdfprnt-button-title pdfprnt-button-print-title\">F\u00fcr l\u00e4ngere Texte empfehle ich vorherigen Ausdruck<\/span><\/a><\/div>\n<h3 class=\"wp-block-heading\">Unser Konzert in der St.-Barbara-Kirche<\/h3>\n\n\n\n<p>Im Nachklang unseres Auftrittes in der Reihe &#8222;12 x k&#8220; in der St.-Barbara-Kirche in Seelze\/Harenberg erreichte uns der Link zu einem Konzertbericht dar\u00fcber. Vielen Dank, Evelyn Werner! Vielen Dank auch f\u00fcr die Fotos!<\/p>\n\n\n\n<p>F\u00fcr alle, die es vielleicht interessiert, hier der Konzertbericht:<\/p>\n\n\n\n<div style=\"width: 600px; padding: 5px; font-family: Arial, 'Nimbus Sans L', sans-serif; font-size: 12px; color: #111111; background-color: #ffffff; border: 1px solid #BBBBBB; line-height: 15px; overflow: hidden;\">\n<div style=\"line-height: 0; height: 0;\"><script type=\"text\/javascript\" src=\"https:\/\/www.myheimat.de\/widgetjs\/\"><\/script><script type=\"text\/javascript\">var gogol_gw = new gogol_widget();var gogol_rnd = 467056946;gogol_gw.setData(\"widget_width\", \"450\");gogol_gw.setData(\"widget_colorBackground\", \"FFFFFF\");gogol_gw.setData(\"widget_colorBorder\", \"BBBBBB\");gogol_gw.setData(\"widget_colorFont\", \"111111\");gogol_gw.setData(\"widget_type\", \"document\");gogol_gw.setData(\"meta_document\", \"3054848\");gogol_gw.setBaseUrl(\"https:\/\/www.myheimat.de\/widgetgeneration\/\");gogol_gw.setDiv(\"97c3f6a41eb106719c8d56b45cf82a75\");top.gogol_gwObjects.push(gogol_gw);<\/script><\/div>\n<div id=\"97c3f6a41eb106719c8d56b45cf82a75\"><a style=\"color: #111111; font-weight: bold; text-decoration: underline; outline: none;\" href=\"https:\/\/www.myheimat.de\/seelze\/kultur\/sie-erzaehlen-musikalisch-von-friesen-und-bretonen-d3054848.html\">Sie erz\u00e4hlen musikalisch von Friesen und Bretonen<\/a><\/div>\n<\/div>\n\n\n\n<p>Wir k\u00f6nnen nur sagen: es war wundersch\u00f6n f\u00fcr uns, wenn wir d\u00fcrfen, kommen wir sehr gerne wieder!<\/p>\n","protected":false},"excerpt":{"rendered":"<p>Ein sch\u00f6ner Konzertbericht von unserem Auftritt in der St.-Barbara-Kirche in Seelze\/Harenberg. Dank an alle, die da waren!<\/p>\n","protected":false},"author":1,"featured_media":0,"comment_status":"open","ping_status":"closed","sticky":false,"template":"","format":"standard","meta":{"footnotes":""},"categories":[417],"tags":[147,245,241],"class_list":["post-2900","post","type-post","status-publish","format-standard","hentry","category-jankfrison","tag-jank-frison","tag-konzerte","tag-presse"],"yoast_head":"<!-- This site is optimized with the Yoast SEO plugin v27.4 - https:\/\/yoast.com\/product\/yoast-seo-wordpress\/ -->\n<title>Konzertbericht 12xk aus Seelze\/Harenberg<\/title>\n<meta name=\"description\" content=\"Ein wunderbarer Konzertbericht von unserem Konzert in der St.-Barbara-Kirche in Seelze. Sch\u00f6n wars bei euch!\" \/>\n<meta name=\"robots\" content=\"index, follow, max-snippet:-1, max-image-preview:large, max-video-preview:-1\" \/>\n<link rel=\"canonical\" href=\"https:\/\/emhuisken.de\/wordpress\/2019\/07\/konzertbericht-12xk-aus-seelze-harenberg\/\" \/>\n<meta property=\"og:locale\" content=\"de_DE\" \/>\n<meta property=\"og:type\" content=\"article\" \/>\n<meta property=\"og:title\" content=\"Konzertbericht 12xk aus Seelze\/Harenberg\" \/>\n<meta property=\"og:description\" content=\"Ein wunderbarer Konzertbericht von unserem Konzert in der St.-Barbara-Kirche in Seelze. Sch\u00f6n wars bei euch!\" \/>\n<meta property=\"og:url\" content=\"https:\/\/emhuisken.de\/wordpress\/2019\/07\/konzertbericht-12xk-aus-seelze-harenberg\/\" \/>\n<meta property=\"og:site_name\" content=\"Musik \u2013 Wort \u2013 Geisteswissenschaft\" \/>\n<meta property=\"article:published_time\" content=\"2019-07-19T13:06:00+00:00\" \/>\n<meta property=\"article:modified_time\" content=\"2022-11-22T10:39:42+00:00\" \/>\n<meta name=\"author\" content=\"Stefan Carl Em Huisken\" \/>\n<meta name=\"twitter:card\" content=\"summary_large_image\" \/>\n<meta name=\"twitter:label1\" content=\"Geschrieben von\" \/>\n\t<meta name=\"twitter:data1\" content=\"Stefan Carl Em Huisken\" \/>\n\t<meta name=\"twitter:label2\" content=\"Gesch\u00e4tzte Lesezeit\" \/>\n\t<meta name=\"twitter:data2\" content=\"1\u00a0Minute\" \/>\n<script type=\"application\/ld+json\" class=\"yoast-schema-graph\">{\"@context\":\"https:\\\/\\\/schema.org\",\"@graph\":[{\"@type\":\"Article\",\"@id\":\"https:\\\/\\\/emhuisken.de\\\/wordpress\\\/2019\\\/07\\\/konzertbericht-12xk-aus-seelze-harenberg\\\/#article\",\"isPartOf\":{\"@id\":\"https:\\\/\\\/emhuisken.de\\\/wordpress\\\/2019\\\/07\\\/konzertbericht-12xk-aus-seelze-harenberg\\\/\"},\"author\":{\"name\":\"Stefan Carl Em Huisken\",\"@id\":\"https:\\\/\\\/emhuisken.de\\\/wordpress\\\/#\\\/schema\\\/person\\\/d97bf7d74295f11fe6963296f0232ec3\"},\"headline\":\"Konzertbericht 12xk aus Seelze\\\/Harenberg\",\"datePublished\":\"2019-07-19T13:06:00+00:00\",\"dateModified\":\"2022-11-22T10:39:42+00:00\",\"mainEntityOfPage\":{\"@id\":\"https:\\\/\\\/emhuisken.de\\\/wordpress\\\/2019\\\/07\\\/konzertbericht-12xk-aus-seelze-harenberg\\\/\"},\"wordCount\":86,\"commentCount\":1,\"publisher\":{\"@id\":\"https:\\\/\\\/emhuisken.de\\\/wordpress\\\/#organization\"},\"keywords\":[\"jank frison\",\"Konzerte\",\"Presse\"],\"articleSection\":[\"jank frison\"],\"inLanguage\":\"de\",\"potentialAction\":[{\"@type\":\"CommentAction\",\"name\":\"Comment\",\"target\":[\"https:\\\/\\\/emhuisken.de\\\/wordpress\\\/2019\\\/07\\\/konzertbericht-12xk-aus-seelze-harenberg\\\/#respond\"]}]},{\"@type\":\"WebPage\",\"@id\":\"https:\\\/\\\/emhuisken.de\\\/wordpress\\\/2019\\\/07\\\/konzertbericht-12xk-aus-seelze-harenberg\\\/\",\"url\":\"https:\\\/\\\/emhuisken.de\\\/wordpress\\\/2019\\\/07\\\/konzertbericht-12xk-aus-seelze-harenberg\\\/\",\"name\":\"Konzertbericht 12xk aus Seelze\\\/Harenberg\",\"isPartOf\":{\"@id\":\"https:\\\/\\\/emhuisken.de\\\/wordpress\\\/#website\"},\"datePublished\":\"2019-07-19T13:06:00+00:00\",\"dateModified\":\"2022-11-22T10:39:42+00:00\",\"description\":\"Ein wunderbarer Konzertbericht von unserem Konzert in der St.-Barbara-Kirche in Seelze. Sch\u00f6n wars bei euch!\",\"breadcrumb\":{\"@id\":\"https:\\\/\\\/emhuisken.de\\\/wordpress\\\/2019\\\/07\\\/konzertbericht-12xk-aus-seelze-harenberg\\\/#breadcrumb\"},\"inLanguage\":\"de\",\"potentialAction\":[{\"@type\":\"ReadAction\",\"target\":[\"https:\\\/\\\/emhuisken.de\\\/wordpress\\\/2019\\\/07\\\/konzertbericht-12xk-aus-seelze-harenberg\\\/\"]}]},{\"@type\":\"BreadcrumbList\",\"@id\":\"https:\\\/\\\/emhuisken.de\\\/wordpress\\\/2019\\\/07\\\/konzertbericht-12xk-aus-seelze-harenberg\\\/#breadcrumb\",\"itemListElement\":[{\"@type\":\"ListItem\",\"position\":1,\"name\":\"Home\",\"item\":\"https:\\\/\\\/emhuisken.de\\\/wordpress\\\/\"},{\"@type\":\"ListItem\",\"position\":2,\"name\":\"Konzertbericht 12xk aus Seelze\\\/Harenberg\"}]},{\"@type\":\"WebSite\",\"@id\":\"https:\\\/\\\/emhuisken.de\\\/wordpress\\\/#website\",\"url\":\"https:\\\/\\\/emhuisken.de\\\/wordpress\\\/\",\"name\":\"Musik \u2013 Wort \u2013 Geisteswissenschaft\",\"description\":\"Ton-, Wort-, Gedankenkunst\",\"publisher\":{\"@id\":\"https:\\\/\\\/emhuisken.de\\\/wordpress\\\/#organization\"},\"potentialAction\":[{\"@type\":\"SearchAction\",\"target\":{\"@type\":\"EntryPoint\",\"urlTemplate\":\"https:\\\/\\\/emhuisken.de\\\/wordpress\\\/?s={search_term_string}\"},\"query-input\":{\"@type\":\"PropertyValueSpecification\",\"valueRequired\":true,\"valueName\":\"search_term_string\"}}],\"inLanguage\":\"de\"},{\"@type\":\"Organization\",\"@id\":\"https:\\\/\\\/emhuisken.de\\\/wordpress\\\/#organization\",\"name\":\"Musik \u2013 Wort \u2013 Geisteswissenschaft\",\"url\":\"https:\\\/\\\/emhuisken.de\\\/wordpress\\\/\",\"logo\":{\"@type\":\"ImageObject\",\"inLanguage\":\"de\",\"@id\":\"https:\\\/\\\/emhuisken.de\\\/wordpress\\\/#\\\/schema\\\/logo\\\/image\\\/\",\"url\":\"https:\\\/\\\/emhuisken.de\\\/wordpress\\\/wp-content\\\/uploads\\\/2014\\\/10\\\/eh_logo_schatten_240x66-1.png\",\"contentUrl\":\"https:\\\/\\\/emhuisken.de\\\/wordpress\\\/wp-content\\\/uploads\\\/2014\\\/10\\\/eh_logo_schatten_240x66-1.png\",\"width\":240,\"height\":66,\"caption\":\"Musik \u2013 Wort \u2013 Geisteswissenschaft\"},\"image\":{\"@id\":\"https:\\\/\\\/emhuisken.de\\\/wordpress\\\/#\\\/schema\\\/logo\\\/image\\\/\"}},{\"@type\":\"Person\",\"@id\":\"https:\\\/\\\/emhuisken.de\\\/wordpress\\\/#\\\/schema\\\/person\\\/d97bf7d74295f11fe6963296f0232ec3\",\"name\":\"Stefan Carl Em Huisken\",\"url\":\"https:\\\/\\\/emhuisken.de\\\/wordpress\\\/author\\\/shoeschen\\\/\"}]}<\/script>\n<!-- \/ Yoast SEO plugin. -->","yoast_head_json":{"title":"Konzertbericht 12xk aus Seelze\/Harenberg","description":"Ein wunderbarer Konzertbericht von unserem Konzert in der St.-Barbara-Kirche in Seelze. Sch\u00f6n wars bei euch!","robots":{"index":"index","follow":"follow","max-snippet":"max-snippet:-1","max-image-preview":"max-image-preview:large","max-video-preview":"max-video-preview:-1"},"canonical":"https:\/\/emhuisken.de\/wordpress\/2019\/07\/konzertbericht-12xk-aus-seelze-harenberg\/","og_locale":"de_DE","og_type":"article","og_title":"Konzertbericht 12xk aus Seelze\/Harenberg","og_description":"Ein wunderbarer Konzertbericht von unserem Konzert in der St.-Barbara-Kirche in Seelze. Sch\u00f6n wars bei euch!","og_url":"https:\/\/emhuisken.de\/wordpress\/2019\/07\/konzertbericht-12xk-aus-seelze-harenberg\/","og_site_name":"Musik \u2013 Wort \u2013 Geisteswissenschaft","article_published_time":"2019-07-19T13:06:00+00:00","article_modified_time":"2022-11-22T10:39:42+00:00","author":"Stefan Carl Em Huisken","twitter_card":"summary_large_image","twitter_misc":{"Geschrieben von":"Stefan Carl Em Huisken","Gesch\u00e4tzte Lesezeit":"1\u00a0Minute"},"schema":{"@context":"https:\/\/schema.org","@graph":[{"@type":"Article","@id":"https:\/\/emhuisken.de\/wordpress\/2019\/07\/konzertbericht-12xk-aus-seelze-harenberg\/#article","isPartOf":{"@id":"https:\/\/emhuisken.de\/wordpress\/2019\/07\/konzertbericht-12xk-aus-seelze-harenberg\/"},"author":{"name":"Stefan Carl Em Huisken","@id":"https:\/\/emhuisken.de\/wordpress\/#\/schema\/person\/d97bf7d74295f11fe6963296f0232ec3"},"headline":"Konzertbericht 12xk aus Seelze\/Harenberg","datePublished":"2019-07-19T13:06:00+00:00","dateModified":"2022-11-22T10:39:42+00:00","mainEntityOfPage":{"@id":"https:\/\/emhuisken.de\/wordpress\/2019\/07\/konzertbericht-12xk-aus-seelze-harenberg\/"},"wordCount":86,"commentCount":1,"publisher":{"@id":"https:\/\/emhuisken.de\/wordpress\/#organization"},"keywords":["jank frison","Konzerte","Presse"],"articleSection":["jank frison"],"inLanguage":"de","potentialAction":[{"@type":"CommentAction","name":"Comment","target":["https:\/\/emhuisken.de\/wordpress\/2019\/07\/konzertbericht-12xk-aus-seelze-harenberg\/#respond"]}]},{"@type":"WebPage","@id":"https:\/\/emhuisken.de\/wordpress\/2019\/07\/konzertbericht-12xk-aus-seelze-harenberg\/","url":"https:\/\/emhuisken.de\/wordpress\/2019\/07\/konzertbericht-12xk-aus-seelze-harenberg\/","name":"Konzertbericht 12xk aus Seelze\/Harenberg","isPartOf":{"@id":"https:\/\/emhuisken.de\/wordpress\/#website"},"datePublished":"2019-07-19T13:06:00+00:00","dateModified":"2022-11-22T10:39:42+00:00","description":"Ein wunderbarer Konzertbericht von unserem Konzert in der St.-Barbara-Kirche in Seelze. Sch\u00f6n wars bei euch!","breadcrumb":{"@id":"https:\/\/emhuisken.de\/wordpress\/2019\/07\/konzertbericht-12xk-aus-seelze-harenberg\/#breadcrumb"},"inLanguage":"de","potentialAction":[{"@type":"ReadAction","target":["https:\/\/emhuisken.de\/wordpress\/2019\/07\/konzertbericht-12xk-aus-seelze-harenberg\/"]}]},{"@type":"BreadcrumbList","@id":"https:\/\/emhuisken.de\/wordpress\/2019\/07\/konzertbericht-12xk-aus-seelze-harenberg\/#breadcrumb","itemListElement":[{"@type":"ListItem","position":1,"name":"Home","item":"https:\/\/emhuisken.de\/wordpress\/"},{"@type":"ListItem","position":2,"name":"Konzertbericht 12xk aus Seelze\/Harenberg"}]},{"@type":"WebSite","@id":"https:\/\/emhuisken.de\/wordpress\/#website","url":"https:\/\/emhuisken.de\/wordpress\/","name":"Musik \u2013 Wort \u2013 Geisteswissenschaft","description":"Ton-, Wort-, Gedankenkunst","publisher":{"@id":"https:\/\/emhuisken.de\/wordpress\/#organization"},"potentialAction":[{"@type":"SearchAction","target":{"@type":"EntryPoint","urlTemplate":"https:\/\/emhuisken.de\/wordpress\/?s={search_term_string}"},"query-input":{"@type":"PropertyValueSpecification","valueRequired":true,"valueName":"search_term_string"}}],"inLanguage":"de"},{"@type":"Organization","@id":"https:\/\/emhuisken.de\/wordpress\/#organization","name":"Musik \u2013 Wort \u2013 Geisteswissenschaft","url":"https:\/\/emhuisken.de\/wordpress\/","logo":{"@type":"ImageObject","inLanguage":"de","@id":"https:\/\/emhuisken.de\/wordpress\/#\/schema\/logo\/image\/","url":"https:\/\/emhuisken.de\/wordpress\/wp-content\/uploads\/2014\/10\/eh_logo_schatten_240x66-1.png","contentUrl":"https:\/\/emhuisken.de\/wordpress\/wp-content\/uploads\/2014\/10\/eh_logo_schatten_240x66-1.png","width":240,"height":66,"caption":"Musik \u2013 Wort \u2013 Geisteswissenschaft"},"image":{"@id":"https:\/\/emhuisken.de\/wordpress\/#\/schema\/logo\/image\/"}},{"@type":"Person","@id":"https:\/\/emhuisken.de\/wordpress\/#\/schema\/person\/d97bf7d74295f11fe6963296f0232ec3","name":"Stefan Carl Em Huisken","url":"https:\/\/emhuisken.de\/wordpress\/author\/shoeschen\/"}]}},"_links":{"self":[{"href":"https:\/\/emhuisken.de\/wordpress\/wp-json\/wp\/v2\/posts\/2900","targetHints":{"allow":["GET"]}}],"collection":[{"href":"https:\/\/emhuisken.de\/wordpress\/wp-json\/wp\/v2\/posts"}],"about":[{"href":"https:\/\/emhuisken.de\/wordpress\/wp-json\/wp\/v2\/types\/post"}],"author":[{"embeddable":true,"href":"https:\/\/emhuisken.de\/wordpress\/wp-json\/wp\/v2\/users\/1"}],"replies":[{"embeddable":true,"href":"https:\/\/emhuisken.de\/wordpress\/wp-json\/wp\/v2\/comments?post=2900"}],"version-history":[{"count":2,"href":"https:\/\/emhuisken.de\/wordpress\/wp-json\/wp\/v2\/posts\/2900\/revisions"}],"predecessor-version":[{"id":2902,"href":"https:\/\/emhuisken.de\/wordpress\/wp-json\/wp\/v2\/posts\/2900\/revisions\/2902"}],"wp:attachment":[{"href":"https:\/\/emhuisken.de\/wordpress\/wp-json\/wp\/v2\/media?parent=2900"}],"wp:term":[{"taxonomy":"category","embeddable":true,"href":"https:\/\/emhuisken.de\/wordpress\/wp-json\/wp\/v2\/categories?post=2900"},{"taxonomy":"post_tag","embeddable":true,"href":"https:\/\/emhuisken.de\/wordpress\/wp-json\/wp\/v2\/tags?post=2900"}],"curies":[{"name":"wp","href":"https:\/\/api.w.org\/{rel}","templated":true}]}}