{"id":2897,"date":"2019-12-26T13:58:00","date_gmt":"2019-12-26T12:58:00","guid":{"rendered":"https:\/\/emhuisken.de\/wordpress\/?p=2897"},"modified":"2022-11-22T11:38:10","modified_gmt":"2022-11-22T10:38:10","slug":"jank-frison-plant-erste-cd-fraeiske-soang","status":"publish","type":"post","link":"https:\/\/emhuisken.de\/wordpress\/2019\/12\/jank-frison-plant-erste-cd-fraeiske-soang\/","title":{"rendered":"jank frison plant erste CD: &#8222;Fr\u00e4iske Soang&#8220;"},"content":{"rendered":"<div class=\"pdfprnt-buttons pdfprnt-buttons-post pdfprnt-top-right\"><a href=\"https:\/\/emhuisken.de\/wordpress\/wp-json\/wp\/v2\/posts\/2897?print=print\" class=\"pdfprnt-button pdfprnt-button-print\" target=\"_blank\" ><img decoding=\"async\" src=\"https:\/\/emhuisken.de\/wordpress\/wp-content\/plugins\/pdf-print\/images\/print.png\" alt=\"image_print\" title=\"Print Content\" \/><span class=\"pdfprnt-button-title pdfprnt-button-print-title\">F\u00fcr l\u00e4ngere Texte empfehle ich vorherigen Ausdruck<\/span><\/a><\/div>\n<h4 class=\"wp-block-heading\">Projekt &#8222;jank frison&#8220;<\/h4>\n\n\n\n<p>&#8222;jank frison&#8220; gibt es, seitdem Stefan Carl em Huisken mit seiner Musik an die \u00d6ffentlichkeit trat &#8211; seit dem Jahr 2010 also. Der Name ist Programm: &#8222;jank&#8220; &#8211; das ist schmachtende Sehnsucht, oder Leidenschaft, und &#8222;frison&#8220;, das ist das Friesische, der Friese, oder das Friesentum, aber mit einem Einschlag aus Frankreich, genauer: der Bretagne. N\u00e4her dargelegt ist die Sache <a rel=\"noreferrer noopener\" aria-label=\" (\u00f6ffnet in einem neuem Tab)\" href=\"http:\/\/www.jank-frison.de\/jank-frison\" target=\"_blank\">=&gt;hier<\/a>.<\/p>\n\n\n<div class=\"wp-block-image is-style-default\">\n<figure class=\"alignright size-full is-resized\"><a href=\"https:\/\/emhuisken.de\/wordpress\/wp-content\/uploads\/2022\/01\/JankFrison_Postkarte_final-S01-klein.jpeg\"><img loading=\"lazy\" decoding=\"async\" src=\"https:\/\/emhuisken.de\/wordpress\/wp-content\/uploads\/2022\/01\/JankFrison_Postkarte_final-S01-klein.jpeg\" alt=\"jank frison Postkarte CD-Projekt\" class=\"wp-image-3003\" width=\"164\" height=\"116\" srcset=\"https:\/\/emhuisken.de\/wordpress\/wp-content\/uploads\/2022\/01\/JankFrison_Postkarte_final-S01-klein.jpeg 650w, https:\/\/emhuisken.de\/wordpress\/wp-content\/uploads\/2022\/01\/JankFrison_Postkarte_final-S01-klein-200x143.jpeg 200w, https:\/\/emhuisken.de\/wordpress\/wp-content\/uploads\/2022\/01\/JankFrison_Postkarte_final-S01-klein-300x214.jpeg 300w, https:\/\/emhuisken.de\/wordpress\/wp-content\/uploads\/2022\/01\/JankFrison_Postkarte_final-S01-klein-600x428.jpeg 600w, https:\/\/emhuisken.de\/wordpress\/wp-content\/uploads\/2022\/01\/JankFrison_Postkarte_final-S01-klein-392x280.jpeg 392w, https:\/\/emhuisken.de\/wordpress\/wp-content\/uploads\/2022\/01\/JankFrison_Postkarte_final-S01-klein-532x380.jpeg 532w\" sizes=\"auto, (max-width: 164px) 100vw, 164px\" \/><\/a><\/figure>\n<\/div>\n\n\n<p>2010\nentstand auch die erste Band mit diesem Namen, mit der dann auch\nAnfang Juli 2010 der erste Schritt an die \u00d6ffentlichkeit mit\neinem Auftritt in Simonswolde erfolgte.\nDie Band zerfiel 2011 aus verschiedenen Gr\u00fcnden. &#8222;jank\nfrison&#8220;\nlebte aber weiter: als ein Soloprogramm Em\nHuiskens mit diesem Titel,\nals Titel von Em Huiskens erster CD, die das damit angedeutete\nKonzept 2012 in einem ersten unvollkommenen Wurf in die\n\u00d6ffentlichkeit brachte, schlie\u00dflich\ndann als\neine Art Bandprojekt in\nunterschiedlichen Besetzungen.<\/p>\n\n\n<div class=\"wp-block-image is-style-default\">\n<figure class=\"alignleft size-full is-resized\"><a href=\"https:\/\/emhuisken.de\/wordpress\/wp-content\/uploads\/2022\/01\/Heike.jpg\"><img loading=\"lazy\" decoding=\"async\" src=\"https:\/\/emhuisken.de\/wordpress\/wp-content\/uploads\/2022\/01\/Heike.jpg\" alt=\"Heike B\u00fcsing CD-Projekt\" class=\"wp-image-3006\" width=\"225\" height=\"150\" srcset=\"https:\/\/emhuisken.de\/wordpress\/wp-content\/uploads\/2022\/01\/Heike.jpg 450w, https:\/\/emhuisken.de\/wordpress\/wp-content\/uploads\/2022\/01\/Heike-200x133.jpg 200w, https:\/\/emhuisken.de\/wordpress\/wp-content\/uploads\/2022\/01\/Heike-300x200.jpg 300w, https:\/\/emhuisken.de\/wordpress\/wp-content\/uploads\/2022\/01\/Heike-400x267.jpg 400w, https:\/\/emhuisken.de\/wordpress\/wp-content\/uploads\/2022\/01\/Heike-90x60.jpg 90w\" sizes=\"auto, (max-width: 225px) 100vw, 225px\" \/><\/a><\/figure>\n<\/div>\n\n\n<p>Stabilit\u00e4t in die Sache kam erst, als 2013 Heike B\u00fcsing mit ihren Dudels\u00e4cken hinzu kam. Durch alle Wirren und Schwierigkeiten blieb sie bei der Stange, so dass nun seit geraumer Weile &#8222;jank frison&#8220; intensiv als Duo arbeitet.<\/p>\n\n\n\n<p>Die Musik ist eigenst\u00e4ndiger geworden, die Texte setzen zunehmend auf die friesischen Sprachformen des ostfriesischen Bereichs (Altfriesisch, Ostfriesisch, Saterfriesisch), pflegen aber weiterhin auch die ostfriesische Variante des Niederdeutschen, die &#8222;Oostfreeske Taal&#8220;. Auf dieser Website finden sich allerlei Berichte dazu.<\/p>\n\n\n\n<h4 class=\"wp-block-heading\">CD &#8222;Fr\u00e4iske Soang&#8220;<\/h4>\n\n\n\n<p>Seit  einigen Jahren bereits darf &#8222;jank frison&#8220; musikalische Beitr\u00e4ge bei den <a href=\"https:\/\/emhuisken.de\/wordpress\/tag\/friesentreffen\/\" target=\"_blank\" rel=\"noreferrer noopener\">j\u00e4hrlichen Treffen der Freien Friesen am Upstalsboom<\/a> beisteuern. Dieser wiederkehrende Anlass gab den Impuls, verst\u00e4rkt friesischsprachige Texte zur Geltung zu bringen. Melodien mit explizit friesischem Bezug kamen hinzu, so dass das entsprechende Repertoire stetig w\u00e4chst.<\/p>\n\n\n\n<p>Immer wieder wurden wir gefragt, ob unsere Musik auf Tontr\u00e4gern verf\u00fcgbar w\u00e4re. War sie nicht, soll sie jetzt aber werden. Wir finden, dass die Zeit jetzt reif ist, und dass unser Beitrag zur friesischen Kultur damit ein wenig &#8222;erwachsen&#8220; werden kann.<\/p>\n\n\n\n<p>Geplant ist eine CD mit 10-12 Melodien und Liedern, die in der Mehrzahl friesische, ansonsten ostfriesisch-niederdeutsche Texte haben, au\u00dferdem vielfach einen klaren Bezug zum friesischen Kulturimpuls (siehe z.B. <a rel=\"noreferrer noopener\" aria-label=\" (\u00f6ffnet in einem neuem Tab)\" href=\"http:\/\/www.emhuisken.de\/wer-ist-friese\" target=\"_blank\">=&gt; hier<\/a> und <a rel=\"noreferrer noopener\" aria-label=\" (\u00f6ffnet in einem neuem Tab)\" href=\"http:\/\/www.emhuisken.de\/friesische-kultur-heute\" target=\"_blank\">=&gt;hier<\/a>). Auch eine neue friesische Hymne mit dem Titel &#8222;Fr\u00e4islound, so fr\u00e4i&#8220; wird dabei sein.<\/p>\n\n\n\n<p>Die CD wird voraussichtlich Ende M\u00e4rz aufgenommen, so dass sie (ebenso voraussichtlich) zum Friesentreffen Anfang Juni 2020 verf\u00fcgbar sein wird &#8211; wir freuen uns riesig, dass wir wieder dabei sein d\u00fcrfen (siehe <a href=\"https:\/\/emhuisken.de\/wordpress\/tag\/friesentreffen\/\" target=\"_blank\" rel=\"noreferrer noopener\">=&gt;hier<\/a>). Der Titel ist &#8222;Em Huisken &amp; jank frison &#8211; Fr\u00e4iske Soang&#8220;. Mehr zum Inhalt bald hier auf diesen Seiten. Das eine oder andere Lied, das wir zeitweise schon als Probenmitschnitt oder im Video verf\u00fcgbar gemacht hatten, wird dabei eine weiter ausgearbeitete Form bekommen.<\/p>\n\n\n\n<h4 class=\"wp-block-heading\">Finanzierung<\/h4>\n\n\n\n<p>Ein solches Projekt fordert einigen finanziellen Aufwand, wenn es denn ordentlich werden soll. Bei der \u00fcberschaubaren Reichweite, die wir mit unserer Musik bisher haben, ist aus unserer Arbeit nicht so viel Gewinn entstanden, dass er f\u00fcr dieses Projekt reicht.<\/p>\n\n\n\n<p>Das inzwischen in \u00e4hnlichen F\u00e4llen ja oft genutzte Verfahren des &#8222;Crowdfunding&#8220; setzt in der Regel eine umfangreichere Fangemeinde voraus; aus diesem und weiteren Gr\u00fcnden kommt es f\u00fcr uns nicht in Frage. Es steht aber die Zusage: wir machen das, auch mit hohem Risiko. N\u00e4heres dazu legt Stefan Carl em Huisken auf seiner Website <a href=\"https:\/\/emhuisken.de\/cd-projekt-fraeiske-soang-bitte-um-unterstuetzung\/\" target=\"_blank\" rel=\"noreferrer noopener\">=&gt;hier<\/a> dar.<\/p>\n\n\n\n<p>Eala frya Fresena!<\/p>\n","protected":false},"excerpt":{"rendered":"<p>Das Duo jank frison plant ein CD-Projekt &#8222;Fr\u00e4iske Soang&#8220; mit neuer friesischer Musik. Hier Informationen und Hinweise zur Unterst\u00fctzung.<\/p>\n","protected":false},"author":1,"featured_media":0,"comment_status":"open","ping_status":"closed","sticky":false,"template":"","format":"standard","meta":{"footnotes":""},"categories":[417],"tags":[190,274,276,301,147,315],"class_list":["post-2897","post","type-post","status-publish","format-standard","hentry","category-jankfrison","tag-cd","tag-fraeiske-soang","tag-friesisch","tag-friesische-musik","tag-jank-frison","tag-projekte"],"yoast_head":"<!-- This site is optimized with the Yoast SEO plugin v27.4 - https:\/\/yoast.com\/product\/yoast-seo-wordpress\/ -->\n<title>jank frison plant erste CD: &quot;Fr\u00e4iske Soang&quot;<\/title>\n<meta name=\"description\" content=\"Das Duo jank frison plant ein CD-Projekt &quot;Fr\u00e4iske Soang&quot; mit neuer friesischer Musik. Hier Informationen und Hinweise zur Unterst\u00fctzung.\" \/>\n<meta name=\"robots\" content=\"index, follow, max-snippet:-1, max-image-preview:large, max-video-preview:-1\" \/>\n<link rel=\"canonical\" href=\"https:\/\/emhuisken.de\/wordpress\/2019\/12\/jank-frison-plant-erste-cd-fraeiske-soang\/\" \/>\n<meta property=\"og:locale\" content=\"de_DE\" \/>\n<meta property=\"og:type\" content=\"article\" \/>\n<meta property=\"og:title\" content=\"jank frison plant erste CD: &quot;Fr\u00e4iske Soang&quot;\" \/>\n<meta property=\"og:description\" content=\"Das Duo jank frison plant ein CD-Projekt &quot;Fr\u00e4iske Soang&quot; mit neuer friesischer Musik. Hier Informationen und Hinweise zur Unterst\u00fctzung.\" \/>\n<meta property=\"og:url\" content=\"https:\/\/emhuisken.de\/wordpress\/2019\/12\/jank-frison-plant-erste-cd-fraeiske-soang\/\" \/>\n<meta property=\"og:site_name\" content=\"Musik \u2013 Wort \u2013 Geisteswissenschaft\" \/>\n<meta property=\"article:published_time\" content=\"2019-12-26T12:58:00+00:00\" \/>\n<meta property=\"article:modified_time\" content=\"2022-11-22T10:38:10+00:00\" \/>\n<meta property=\"og:image\" content=\"https:\/\/emhuisken.de\/wordpress\/wp-content\/uploads\/2022\/01\/JankFrison_Postkarte_final-S01-klein.jpeg\" \/>\n<meta name=\"author\" content=\"Stefan Carl Em Huisken\" \/>\n<meta name=\"twitter:card\" content=\"summary_large_image\" \/>\n<meta name=\"twitter:label1\" content=\"Geschrieben von\" \/>\n\t<meta name=\"twitter:data1\" content=\"Stefan Carl Em Huisken\" \/>\n\t<meta name=\"twitter:label2\" content=\"Gesch\u00e4tzte Lesezeit\" \/>\n\t<meta name=\"twitter:data2\" content=\"4\u00a0Minuten\" \/>\n<script type=\"application\/ld+json\" class=\"yoast-schema-graph\">{\"@context\":\"https:\\\/\\\/schema.org\",\"@graph\":[{\"@type\":\"Article\",\"@id\":\"https:\\\/\\\/emhuisken.de\\\/wordpress\\\/2019\\\/12\\\/jank-frison-plant-erste-cd-fraeiske-soang\\\/#article\",\"isPartOf\":{\"@id\":\"https:\\\/\\\/emhuisken.de\\\/wordpress\\\/2019\\\/12\\\/jank-frison-plant-erste-cd-fraeiske-soang\\\/\"},\"author\":{\"name\":\"Stefan Carl Em Huisken\",\"@id\":\"https:\\\/\\\/emhuisken.de\\\/wordpress\\\/#\\\/schema\\\/person\\\/d97bf7d74295f11fe6963296f0232ec3\"},\"headline\":\"jank frison plant erste CD: &#8222;Fr\u00e4iske Soang&#8220;\",\"datePublished\":\"2019-12-26T12:58:00+00:00\",\"dateModified\":\"2022-11-22T10:38:10+00:00\",\"mainEntityOfPage\":{\"@id\":\"https:\\\/\\\/emhuisken.de\\\/wordpress\\\/2019\\\/12\\\/jank-frison-plant-erste-cd-fraeiske-soang\\\/\"},\"wordCount\":562,\"commentCount\":0,\"publisher\":{\"@id\":\"https:\\\/\\\/emhuisken.de\\\/wordpress\\\/#organization\"},\"image\":{\"@id\":\"https:\\\/\\\/emhuisken.de\\\/wordpress\\\/2019\\\/12\\\/jank-frison-plant-erste-cd-fraeiske-soang\\\/#primaryimage\"},\"thumbnailUrl\":\"https:\\\/\\\/emhuisken.de\\\/wordpress\\\/wp-content\\\/uploads\\\/2022\\\/01\\\/JankFrison_Postkarte_final-S01-klein.jpeg\",\"keywords\":[\"CD\",\"Fr\u00e4iske Soang\",\"friesisch\",\"friesische Musik\",\"jank frison\",\"Projekte\"],\"articleSection\":[\"jank frison\"],\"inLanguage\":\"de\",\"potentialAction\":[{\"@type\":\"CommentAction\",\"name\":\"Comment\",\"target\":[\"https:\\\/\\\/emhuisken.de\\\/wordpress\\\/2019\\\/12\\\/jank-frison-plant-erste-cd-fraeiske-soang\\\/#respond\"]}]},{\"@type\":\"WebPage\",\"@id\":\"https:\\\/\\\/emhuisken.de\\\/wordpress\\\/2019\\\/12\\\/jank-frison-plant-erste-cd-fraeiske-soang\\\/\",\"url\":\"https:\\\/\\\/emhuisken.de\\\/wordpress\\\/2019\\\/12\\\/jank-frison-plant-erste-cd-fraeiske-soang\\\/\",\"name\":\"jank frison plant erste CD: \\\"Fr\u00e4iske Soang\\\"\",\"isPartOf\":{\"@id\":\"https:\\\/\\\/emhuisken.de\\\/wordpress\\\/#website\"},\"primaryImageOfPage\":{\"@id\":\"https:\\\/\\\/emhuisken.de\\\/wordpress\\\/2019\\\/12\\\/jank-frison-plant-erste-cd-fraeiske-soang\\\/#primaryimage\"},\"image\":{\"@id\":\"https:\\\/\\\/emhuisken.de\\\/wordpress\\\/2019\\\/12\\\/jank-frison-plant-erste-cd-fraeiske-soang\\\/#primaryimage\"},\"thumbnailUrl\":\"https:\\\/\\\/emhuisken.de\\\/wordpress\\\/wp-content\\\/uploads\\\/2022\\\/01\\\/JankFrison_Postkarte_final-S01-klein.jpeg\",\"datePublished\":\"2019-12-26T12:58:00+00:00\",\"dateModified\":\"2022-11-22T10:38:10+00:00\",\"description\":\"Das Duo jank frison plant ein CD-Projekt \\\"Fr\u00e4iske Soang\\\" mit neuer friesischer Musik. Hier Informationen und Hinweise zur Unterst\u00fctzung.\",\"breadcrumb\":{\"@id\":\"https:\\\/\\\/emhuisken.de\\\/wordpress\\\/2019\\\/12\\\/jank-frison-plant-erste-cd-fraeiske-soang\\\/#breadcrumb\"},\"inLanguage\":\"de\",\"potentialAction\":[{\"@type\":\"ReadAction\",\"target\":[\"https:\\\/\\\/emhuisken.de\\\/wordpress\\\/2019\\\/12\\\/jank-frison-plant-erste-cd-fraeiske-soang\\\/\"]}]},{\"@type\":\"ImageObject\",\"inLanguage\":\"de\",\"@id\":\"https:\\\/\\\/emhuisken.de\\\/wordpress\\\/2019\\\/12\\\/jank-frison-plant-erste-cd-fraeiske-soang\\\/#primaryimage\",\"url\":\"https:\\\/\\\/emhuisken.de\\\/wordpress\\\/wp-content\\\/uploads\\\/2022\\\/01\\\/JankFrison_Postkarte_final-S01-klein.jpeg\",\"contentUrl\":\"https:\\\/\\\/emhuisken.de\\\/wordpress\\\/wp-content\\\/uploads\\\/2022\\\/01\\\/JankFrison_Postkarte_final-S01-klein.jpeg\",\"width\":650,\"height\":464},{\"@type\":\"BreadcrumbList\",\"@id\":\"https:\\\/\\\/emhuisken.de\\\/wordpress\\\/2019\\\/12\\\/jank-frison-plant-erste-cd-fraeiske-soang\\\/#breadcrumb\",\"itemListElement\":[{\"@type\":\"ListItem\",\"position\":1,\"name\":\"Home\",\"item\":\"https:\\\/\\\/emhuisken.de\\\/wordpress\\\/\"},{\"@type\":\"ListItem\",\"position\":2,\"name\":\"jank frison plant erste CD: &#8222;Fr\u00e4iske Soang&#8220;\"}]},{\"@type\":\"WebSite\",\"@id\":\"https:\\\/\\\/emhuisken.de\\\/wordpress\\\/#website\",\"url\":\"https:\\\/\\\/emhuisken.de\\\/wordpress\\\/\",\"name\":\"Musik \u2013 Wort \u2013 Geisteswissenschaft\",\"description\":\"Ton-, Wort-, Gedankenkunst\",\"publisher\":{\"@id\":\"https:\\\/\\\/emhuisken.de\\\/wordpress\\\/#organization\"},\"potentialAction\":[{\"@type\":\"SearchAction\",\"target\":{\"@type\":\"EntryPoint\",\"urlTemplate\":\"https:\\\/\\\/emhuisken.de\\\/wordpress\\\/?s={search_term_string}\"},\"query-input\":{\"@type\":\"PropertyValueSpecification\",\"valueRequired\":true,\"valueName\":\"search_term_string\"}}],\"inLanguage\":\"de\"},{\"@type\":\"Organization\",\"@id\":\"https:\\\/\\\/emhuisken.de\\\/wordpress\\\/#organization\",\"name\":\"Musik \u2013 Wort \u2013 Geisteswissenschaft\",\"url\":\"https:\\\/\\\/emhuisken.de\\\/wordpress\\\/\",\"logo\":{\"@type\":\"ImageObject\",\"inLanguage\":\"de\",\"@id\":\"https:\\\/\\\/emhuisken.de\\\/wordpress\\\/#\\\/schema\\\/logo\\\/image\\\/\",\"url\":\"https:\\\/\\\/emhuisken.de\\\/wordpress\\\/wp-content\\\/uploads\\\/2014\\\/10\\\/eh_logo_schatten_240x66-1.png\",\"contentUrl\":\"https:\\\/\\\/emhuisken.de\\\/wordpress\\\/wp-content\\\/uploads\\\/2014\\\/10\\\/eh_logo_schatten_240x66-1.png\",\"width\":240,\"height\":66,\"caption\":\"Musik \u2013 Wort \u2013 Geisteswissenschaft\"},\"image\":{\"@id\":\"https:\\\/\\\/emhuisken.de\\\/wordpress\\\/#\\\/schema\\\/logo\\\/image\\\/\"}},{\"@type\":\"Person\",\"@id\":\"https:\\\/\\\/emhuisken.de\\\/wordpress\\\/#\\\/schema\\\/person\\\/d97bf7d74295f11fe6963296f0232ec3\",\"name\":\"Stefan Carl Em Huisken\",\"url\":\"https:\\\/\\\/emhuisken.de\\\/wordpress\\\/author\\\/shoeschen\\\/\"}]}<\/script>\n<!-- \/ Yoast SEO plugin. -->","yoast_head_json":{"title":"jank frison plant erste CD: \"Fr\u00e4iske Soang\"","description":"Das Duo jank frison plant ein CD-Projekt \"Fr\u00e4iske Soang\" mit neuer friesischer Musik. Hier Informationen und Hinweise zur Unterst\u00fctzung.","robots":{"index":"index","follow":"follow","max-snippet":"max-snippet:-1","max-image-preview":"max-image-preview:large","max-video-preview":"max-video-preview:-1"},"canonical":"https:\/\/emhuisken.de\/wordpress\/2019\/12\/jank-frison-plant-erste-cd-fraeiske-soang\/","og_locale":"de_DE","og_type":"article","og_title":"jank frison plant erste CD: \"Fr\u00e4iske Soang\"","og_description":"Das Duo jank frison plant ein CD-Projekt \"Fr\u00e4iske Soang\" mit neuer friesischer Musik. Hier Informationen und Hinweise zur Unterst\u00fctzung.","og_url":"https:\/\/emhuisken.de\/wordpress\/2019\/12\/jank-frison-plant-erste-cd-fraeiske-soang\/","og_site_name":"Musik \u2013 Wort \u2013 Geisteswissenschaft","article_published_time":"2019-12-26T12:58:00+00:00","article_modified_time":"2022-11-22T10:38:10+00:00","og_image":[{"url":"https:\/\/emhuisken.de\/wordpress\/wp-content\/uploads\/2022\/01\/JankFrison_Postkarte_final-S01-klein.jpeg","type":"","width":"","height":""}],"author":"Stefan Carl Em Huisken","twitter_card":"summary_large_image","twitter_misc":{"Geschrieben von":"Stefan Carl Em Huisken","Gesch\u00e4tzte Lesezeit":"4\u00a0Minuten"},"schema":{"@context":"https:\/\/schema.org","@graph":[{"@type":"Article","@id":"https:\/\/emhuisken.de\/wordpress\/2019\/12\/jank-frison-plant-erste-cd-fraeiske-soang\/#article","isPartOf":{"@id":"https:\/\/emhuisken.de\/wordpress\/2019\/12\/jank-frison-plant-erste-cd-fraeiske-soang\/"},"author":{"name":"Stefan Carl Em Huisken","@id":"https:\/\/emhuisken.de\/wordpress\/#\/schema\/person\/d97bf7d74295f11fe6963296f0232ec3"},"headline":"jank frison plant erste CD: &#8222;Fr\u00e4iske Soang&#8220;","datePublished":"2019-12-26T12:58:00+00:00","dateModified":"2022-11-22T10:38:10+00:00","mainEntityOfPage":{"@id":"https:\/\/emhuisken.de\/wordpress\/2019\/12\/jank-frison-plant-erste-cd-fraeiske-soang\/"},"wordCount":562,"commentCount":0,"publisher":{"@id":"https:\/\/emhuisken.de\/wordpress\/#organization"},"image":{"@id":"https:\/\/emhuisken.de\/wordpress\/2019\/12\/jank-frison-plant-erste-cd-fraeiske-soang\/#primaryimage"},"thumbnailUrl":"https:\/\/emhuisken.de\/wordpress\/wp-content\/uploads\/2022\/01\/JankFrison_Postkarte_final-S01-klein.jpeg","keywords":["CD","Fr\u00e4iske Soang","friesisch","friesische Musik","jank frison","Projekte"],"articleSection":["jank frison"],"inLanguage":"de","potentialAction":[{"@type":"CommentAction","name":"Comment","target":["https:\/\/emhuisken.de\/wordpress\/2019\/12\/jank-frison-plant-erste-cd-fraeiske-soang\/#respond"]}]},{"@type":"WebPage","@id":"https:\/\/emhuisken.de\/wordpress\/2019\/12\/jank-frison-plant-erste-cd-fraeiske-soang\/","url":"https:\/\/emhuisken.de\/wordpress\/2019\/12\/jank-frison-plant-erste-cd-fraeiske-soang\/","name":"jank frison plant erste CD: \"Fr\u00e4iske Soang\"","isPartOf":{"@id":"https:\/\/emhuisken.de\/wordpress\/#website"},"primaryImageOfPage":{"@id":"https:\/\/emhuisken.de\/wordpress\/2019\/12\/jank-frison-plant-erste-cd-fraeiske-soang\/#primaryimage"},"image":{"@id":"https:\/\/emhuisken.de\/wordpress\/2019\/12\/jank-frison-plant-erste-cd-fraeiske-soang\/#primaryimage"},"thumbnailUrl":"https:\/\/emhuisken.de\/wordpress\/wp-content\/uploads\/2022\/01\/JankFrison_Postkarte_final-S01-klein.jpeg","datePublished":"2019-12-26T12:58:00+00:00","dateModified":"2022-11-22T10:38:10+00:00","description":"Das Duo jank frison plant ein CD-Projekt \"Fr\u00e4iske Soang\" mit neuer friesischer Musik. Hier Informationen und Hinweise zur Unterst\u00fctzung.","breadcrumb":{"@id":"https:\/\/emhuisken.de\/wordpress\/2019\/12\/jank-frison-plant-erste-cd-fraeiske-soang\/#breadcrumb"},"inLanguage":"de","potentialAction":[{"@type":"ReadAction","target":["https:\/\/emhuisken.de\/wordpress\/2019\/12\/jank-frison-plant-erste-cd-fraeiske-soang\/"]}]},{"@type":"ImageObject","inLanguage":"de","@id":"https:\/\/emhuisken.de\/wordpress\/2019\/12\/jank-frison-plant-erste-cd-fraeiske-soang\/#primaryimage","url":"https:\/\/emhuisken.de\/wordpress\/wp-content\/uploads\/2022\/01\/JankFrison_Postkarte_final-S01-klein.jpeg","contentUrl":"https:\/\/emhuisken.de\/wordpress\/wp-content\/uploads\/2022\/01\/JankFrison_Postkarte_final-S01-klein.jpeg","width":650,"height":464},{"@type":"BreadcrumbList","@id":"https:\/\/emhuisken.de\/wordpress\/2019\/12\/jank-frison-plant-erste-cd-fraeiske-soang\/#breadcrumb","itemListElement":[{"@type":"ListItem","position":1,"name":"Home","item":"https:\/\/emhuisken.de\/wordpress\/"},{"@type":"ListItem","position":2,"name":"jank frison plant erste CD: &#8222;Fr\u00e4iske Soang&#8220;"}]},{"@type":"WebSite","@id":"https:\/\/emhuisken.de\/wordpress\/#website","url":"https:\/\/emhuisken.de\/wordpress\/","name":"Musik \u2013 Wort \u2013 Geisteswissenschaft","description":"Ton-, Wort-, Gedankenkunst","publisher":{"@id":"https:\/\/emhuisken.de\/wordpress\/#organization"},"potentialAction":[{"@type":"SearchAction","target":{"@type":"EntryPoint","urlTemplate":"https:\/\/emhuisken.de\/wordpress\/?s={search_term_string}"},"query-input":{"@type":"PropertyValueSpecification","valueRequired":true,"valueName":"search_term_string"}}],"inLanguage":"de"},{"@type":"Organization","@id":"https:\/\/emhuisken.de\/wordpress\/#organization","name":"Musik \u2013 Wort \u2013 Geisteswissenschaft","url":"https:\/\/emhuisken.de\/wordpress\/","logo":{"@type":"ImageObject","inLanguage":"de","@id":"https:\/\/emhuisken.de\/wordpress\/#\/schema\/logo\/image\/","url":"https:\/\/emhuisken.de\/wordpress\/wp-content\/uploads\/2014\/10\/eh_logo_schatten_240x66-1.png","contentUrl":"https:\/\/emhuisken.de\/wordpress\/wp-content\/uploads\/2014\/10\/eh_logo_schatten_240x66-1.png","width":240,"height":66,"caption":"Musik \u2013 Wort \u2013 Geisteswissenschaft"},"image":{"@id":"https:\/\/emhuisken.de\/wordpress\/#\/schema\/logo\/image\/"}},{"@type":"Person","@id":"https:\/\/emhuisken.de\/wordpress\/#\/schema\/person\/d97bf7d74295f11fe6963296f0232ec3","name":"Stefan Carl Em Huisken","url":"https:\/\/emhuisken.de\/wordpress\/author\/shoeschen\/"}]}},"_links":{"self":[{"href":"https:\/\/emhuisken.de\/wordpress\/wp-json\/wp\/v2\/posts\/2897","targetHints":{"allow":["GET"]}}],"collection":[{"href":"https:\/\/emhuisken.de\/wordpress\/wp-json\/wp\/v2\/posts"}],"about":[{"href":"https:\/\/emhuisken.de\/wordpress\/wp-json\/wp\/v2\/types\/post"}],"author":[{"embeddable":true,"href":"https:\/\/emhuisken.de\/wordpress\/wp-json\/wp\/v2\/users\/1"}],"replies":[{"embeddable":true,"href":"https:\/\/emhuisken.de\/wordpress\/wp-json\/wp\/v2\/comments?post=2897"}],"version-history":[{"count":4,"href":"https:\/\/emhuisken.de\/wordpress\/wp-json\/wp\/v2\/posts\/2897\/revisions"}],"predecessor-version":[{"id":3682,"href":"https:\/\/emhuisken.de\/wordpress\/wp-json\/wp\/v2\/posts\/2897\/revisions\/3682"}],"wp:attachment":[{"href":"https:\/\/emhuisken.de\/wordpress\/wp-json\/wp\/v2\/media?parent=2897"}],"wp:term":[{"taxonomy":"category","embeddable":true,"href":"https:\/\/emhuisken.de\/wordpress\/wp-json\/wp\/v2\/categories?post=2897"},{"taxonomy":"post_tag","embeddable":true,"href":"https:\/\/emhuisken.de\/wordpress\/wp-json\/wp\/v2\/tags?post=2897"}],"curies":[{"name":"wp","href":"https:\/\/api.w.org\/{rel}","templated":true}]}}