{"id":2144,"date":"2020-04-26T16:15:54","date_gmt":"2020-04-26T15:15:54","guid":{"rendered":"https:\/\/emhuisken.de\/wordpress\/?p=2144"},"modified":"2021-01-22T20:54:23","modified_gmt":"2021-01-22T19:54:23","slug":"die-maske-der-corona","status":"publish","type":"post","link":"https:\/\/emhuisken.de\/wordpress\/2020\/04\/die-maske-der-corona\/","title":{"rendered":"Die Maske der Corona"},"content":{"rendered":"<div class=\"pdfprnt-buttons pdfprnt-buttons-post pdfprnt-top-right\"><a href=\"https:\/\/emhuisken.de\/wordpress\/wp-json\/wp\/v2\/posts\/2144?print=print\" class=\"pdfprnt-button pdfprnt-button-print\" target=\"_blank\" ><img decoding=\"async\" src=\"https:\/\/emhuisken.de\/wordpress\/wp-content\/plugins\/pdf-print\/images\/print.png\" alt=\"image_print\" title=\"Print Content\" \/><span class=\"pdfprnt-button-title pdfprnt-button-print-title\">F\u00fcr l\u00e4ngere Texte empfehle ich vorherigen Ausdruck<\/span><\/a><\/div>\n<h4 class=\"wp-block-heading\">Corona<\/h4>\n\n\n\n<p>Das Wort \u201eCorona\u201c (\u201eKranz\u201c) ist im Deutschen mehrdeutig und vielf\u00e4ltig zu verwenden: es bezeichnet sowohl die Krone als Merkmal eines Herrschers als auch einen Kreis von Menschen, die sich um eine leitende Gestalt scharen &#8211; neben m\u00f6glichen anderen Nebenbedeutungen.<\/p>\n\n\n\n<p>Es scheint symptomatisch zu sein, dass das Gespenst, das derzeit um die Erde geht (das unsichtbare Virus, das t\u00f6dliche) gerade \u201eCorona\u201c hei\u00dft. Es beherrscht die Welt, ver\u00e4ndert sie derzeit stark, st\u00e4rker als viele andere sogenannte \u201eKrisen\u201c der davorliegenden Zeit die Welt ver\u00e4ndert haben. \u201eDanach wird nichts mehr sein wie vorher.\u201c stellte der \u00f6sterreichische Bundeskanzler Kurz schon lange vor den drastischen Massnahmen fest, die das Gesellschaftsgef\u00fcge derzeit ersch\u00fcttern. Woher wusste er das so genau? War er ein \u201cEingeweihter\u201c? Geh\u00f6rt(e) er zur \u201eCorona\u201c?<\/p>\n\n\n\n<h4 class=\"wp-block-heading\">Undurchschaubar<\/h4>\n\n\n\n<p>Auch das ein Charakteristikum dieses Geschehens: die wirklichen Ursachen sind nicht bekannt (jedenfalls nicht der allgemeinen oder auch besonders kritischen \u00d6ffentlichkeit). Es kann nur dar\u00fcber spekuliert werden. Auch die Virologen, Epidemiologen und anderen Gesundheitsexperten \u201ewissen einfach zu wenig \u00fcber dieses Virus\u201c, wie man allenthalben h\u00f6rt. Corona, die Unbekannte, dunkle, und darum gef\u00e4hrliche. Auf verschiedenste, uns\u00e4gliche Art versuchen allerlei einflussreiche Gr\u00f6\u00dfen der Welt f\u00fcr sich Kapital aus der Sache zu schlagen: Bill Gates mit \u201eseinen\u201c Pharmafirmen, Karrieristen, die sich bei guter F\u00fchrung (also gelungenen Marketingma\u00dfnahmen f\u00fcr ihr Verhalten in der \u201eKrise\u201c) die Chance auf h\u00f6here Weihen ausrechnen, auch die verschiedensten Arten kundiger und leider auch unkundiger Untersucher, die darin die Realisation der Weltbeherrschungspl\u00e4ne bestimmter Gruppen dieser oder jener Provenienz erblicken.<\/p>\n\n\n\n<p>Sie m\u00f6gen alle ein bisschen oder manchmal auch ein bisschen mehr recht haben. Aber das hilft nichts in der Situation, in der wir sind. Was bleibt ist, dass die Mehrheit der Menschen, die sehr gro\u00dfe Mehrheit der Menschen nur spekulieren kann, was dahinter steckt und wohin die Szenerie uns f\u00fchren wird. Gedanken sind \u2013 oder mindestens <em>werden<\/em> \u2013 aber Realit\u00e4ten. Was in Orwells Roman erdacht wurde \u2013 wir erleben es jetzt. Was Jules Verne  vor langer Zeit erdachte \u2013 wir kennen es doch. Das sind nur Beispiele, die sich wegen ihrer gro\u00dfen \u00d6ffentlichkeit nachvollziehen lassen. Was noch alles erst gedacht wurde, bevor es in der irdischen Welt wahrnehmbar wurde, k\u00f6nnen wir gar nicht gen\u00fcgend ermessen. Ermessen k\u00f6nnen wir es eben erst, wenn es messbar wird: in der irdischen Welt. Denken wir an Herrn Kurz, der ja schon vorab offenbar Bescheid wusste.<\/p>\n\n\n\n<p>Immer wieder erscheinen die Herrscher der Welt &#8211; m\u00f6gen sie Pr\u00e4sidenten, Staatschefs, K\u00f6nige, Kanzler oder anders hei\u00dfen \u2013 immer erscheinen sie uns derzeit mit ihrer \u201eCorona\u201c, den immer gleichen Beratern von ihren Gnaden: \u201eExperten\u201c, von ihren herrschenden Auftraggebern abh\u00e4ngig, weil von ihnen finanziert, oder umgekehrt erscheinen die Experten, umgeben von den von ihrem Rat abh\u00e4ngigen Ausf\u00fchrenden, Finanziers und Abnehmern ihrer \u201eunabh\u00e4ngigen Erkenntnisse\u201c. Aber: wir wissen doch so wenig von diesem Virus? Ist es ein \u201eKillervirus\u201c oder nicht? Ist es wirklich der einzige Weg, die Menschen ihrer individuellen Entfaltungsm\u00f6glichkeiten zu berauben, um sie und damit das Virus kontrollierbar zu machen? Man sagt, ja, man m\u00fcsse die Menschen zu ihrem Schutz so g\u00e4ngeln, denn nur von \u00fcbergeordneter (Herrscher- oder Experten-) Warte k\u00f6nnen man wissen, was f\u00fcr die Menschen gut ist. Ist das denn wahr?<\/p>\n\n\n\n<p>Die Diskussion ist m\u00fc\u00dfig. Alle Seiten haben in dem von ihnen jeweils gew\u00e4hlten Feld von Bez\u00fcgen relativ \u201erecht\u201c wahrscheinlich. Die \u00fcberw\u00e4ltigende Rolle, die diese \u201eKrise\u201c derzeit f\u00fcr die Menschheit spielt, wird dadurch nicht erkl\u00e4rt. Gewiss, es gab schon fr\u00fcher Pandemien. Die fanden aber in einem anderen weltweiten gesellschaftlichen Umfeld statt. Heute ist es ja so, dass immer eine \u2013 meist <em>noch<\/em> gr\u00f6\u00dfere \u2013 Krise die vorherige ersetzt. Und diese ist jetzt eben eine ganz besonders undurchschaubare, und besonders umfassende.<\/p>\n\n\n\n<h4 class=\"wp-block-heading\">Die Maske verr\u00e4t sich<\/h4>\n\n\n\n<p>Oder doch nicht? Gehe ich doch einmal anders an die Sache heran. Die Symptome sind aufgez\u00e4hlt: das Gespensterhafte der \u201eCorona\u201c, auf allen Seiten, denn niemand wei\u00df letztendlich wirklich, was da \u00fcber die Menschheit warum und wie und warum gerade jetzt hereingebrochen ist: das eigentliche \u201eWesen der Corona\u201c bleibt zun\u00e4chst unsichtbar. Und genau dieses Nicht-Wissen l\u00f6st unendliches Leid aus, sich steigernde Brutalit\u00e4ten der Herrschenden (und leider zunehmend ihrer Untertanen) wo auch immer, verbal, psychisch, k\u00f6rperlich, geistig, und vor allem im Sozialen. Denn jeder probiert herum, mangels anderer Leitlinien zumeist auf die eigenen W\u00fcnsche fixiert. Wer ist das, das \u201eWesen der Corona\u201c?<\/p>\n\n\n\n<p>Nun, ein in der \u00e4u\u00dferen Welt unsichtbares Wesen auf jeden Fall. Es kann nur durch Charakterisierung seiner auftretenden Symptome nach und nach umschrieben werden, so, dass die Menschen innerlich ein Bild dieses Wesens aufbauen k\u00f6nnen. Denn f\u00fcr jede \u201eDefinition\u201c, die diese oder jene Seite f\u00fcr die Sache versucht zu geben (ich z\u00e4hle nur einige wenige auf: \u201eKillervirus\u201c, \u201eWeltbeherrschungsplan dunkler (Finanz-)M\u00e4chte\u201c, \u201eGottesurteil \u00fcber die s\u00fcndige Menschheit\u201c, \u201eblo\u00df eine Grippe\u201c) gibt es gen\u00fcgend ernstzunehmende Einw\u00e4nde, die sie wieder entkr\u00e4ften. Die derzeitige Kombination von harten, messbaren Fakten und r\u00fccksichtslosen L\u00fcgnern, Trittbrettfahrern, Anstiftern und Profiteuren hat es so noch nicht gegeben. Die Menschheit wird dadurch getroffen in einer Situation, in der sie gen\u00fcgend Anlass h\u00e4tte, sehr grunds\u00e4tzlich dar\u00fcber nachzudenken, ob der bis hierher eingeschlagene gesellschaftliche Weg so Zukunft haben kann. All die vorangegangenen Krisen und auch die bereits l\u00e4nger vorausgesagten scheinen zu kumulieren, und dann kommt \u201eCorona\u201c, die Krone, und beherrscht alle. Aber die n\u00e4chste Krise wartet schon: die heftige D\u00fcrre nach zwei vorangegangenen Jahren trockenen Jahren k\u00fcndigt sich schon an. Lernen wir rechtzeitig aus der gegenw\u00e4rtigen Situation?<\/p>\n\n\n\n<p>Wie es eben bei allen derartigen Erscheinungen ist: irgendwo verraten sie sich. So kumuliert die Auseinandersetzung von sogenannten \u201ePanikmachern\u201c und \u201eVerharmlosern\u201c derzeit in der Frage, ob unsere Gesellschaft weiterhin \u201eGesicht zeigen\u201c will oder zu einer Herde von entindividualisierten Arbeits- und Konsumameisen mutiert. Ich meine die (scheinbar nebens\u00e4chliche) Frage der Gesichtsvermummung, besch\u00f6nigend \u201eMundschutz\u201c genannt. Nat\u00fcrlich bin ich in dieser Sache auch ein bisschen Partei, wie wohl jeder, der mit dieser Frage in der gegenw\u00e4rtigen H\u00e4rte konfrontiert wird. Das spielt aber hier keine Rolle. Denn auch diese Frage ist \u2013 wie alles, wor\u00fcber sich Parteien bilden und Streit entstehen kann \u2013 nur ein Symptom. <\/p>\n\n\n\n<p>Die Maske stellt uns vor die Frage nach der Wahrheit, jeden von uns. Bin ich wahr? kann ich die Wahrheit des Anderen erkennen? Was ist \u00fcberhaupt \u201ewahr\u201c in dieser Zeit? Ich meine mit dem Wort \u201ewahr\u201c nicht dasselbe, was man auch mit dem Wort \u201erichtig\u201c bezeichnet; heutzutage ist man ja  nicht mehr gewohnt, die Dinge genau genau zu unterscheiden. Der Streit um das \u201eRichtige\u201c und \u201eFalsche\u201c, das dann eben von allen Menschen eingesehen werden m\u00fcsste, kann gar nicht mehr entschieden werden. Was \u201ewahr\u201c ist, kann sich f\u00fcr jeden einzelnen Menschen anders darstellen. Und was wir gerade erleben, stellt jeden Einzelnen von uns vor die Frage, was wir f\u00fcr den Anderen und der Andere f\u00fcr uns<em> in Wahrheit<\/em> bedeuten kann \u2013 die Frage nach dem MENSCHEN also.<\/p>\n\n\n\n<p>Die Maske zeigt aber genau das Gegenteil: das Verbergen, Geheimhalten, die Unwahrheit (jede Maske ist unwahr, also eine L\u00fcge, denn sie verbirgt die dahinterliegende Wahrheit). Und damit demaskiert sich die \u201eCorona\u201c, indem sie uns zwingt, UNS zu maskieren, unwahr zu werden, unwahr, wie sie selber ist. Sie tr\u00e4gt die Maske des B\u00f6sen (hei\u00dfe es Killervirus oder Totalitarismus &#8211; gleichviel, beides ist Maske). Aber sie stellt uns die Frage nach uns selber, nach dem MENSCHEN, nach seinem \u2013 unserem, jedes Einzelnen \u2013 Willen, eine Zukunft der Menschheit zu erm\u00f6glichen. Eine Zukunft, in der auch die Aussicht auf den Tod (physisch durch das \u201eKillervirus\u201c oder sozial durch den Totalitarismus; viele weitere Varianten sind denkbar) nicht zum verbissenen Kampf um noch ein paar Augenblicke \u201eWeiter so\u201c f\u00fchren muss. Eine Zukunft also, in der wir bereit werden, aus freien St\u00fccken (und nicht erzwungen durch Panikmache, Killerviren oder totalit\u00e4re Regimes) unseren Teil beizutragen zum Gedeihen der Menschheit.<\/p>\n\n\n\n<h4 class=\"wp-block-heading\">Was spricht durch die Maske?<\/h4>\n\n\n\n<p>Durch die Maske der Corona spricht also <em>auch<\/em> ein g\u00fctiger Zeitgeist, der uns aufwecken will aus unserem rastlosen Streben nach dieser oder jener Bequemlichkeit, diesem oder jenem kleinen Gl\u00fcck auf Kosten anderer, und uns fragt nach eigenen, freien, selbstgewollten Beitr\u00e4gen. Nat\u00fcrlich, ein bisschen \u201eErlk\u00f6nig\u201c ist auch dabei, wie immer, wenn es um Dinge geht, die man nur geistig fassen und charakterisieren kann: \u201eUnd bist du nicht willig, so brauch ich Gewalt\u201c. Ja, unsere derzeitige Zivilisation ist nicht mehr zu retten. Sie hat verspielt, ist todgeweiht. Bereits vor mehr als hundert Jahren gab es das Buch von Oswald Spengler: \u201eDer Untergang des Abendlandes\u201c. Vielleicht verl\u00e4uft der ein wenig anders als damals dargestellt, aber wer nur ehrlich sein will muss einsehen: so wie bisher kommen wir nicht weiter; das Ende <em>dieser<\/em> Gesellschaftsverfassung ist besiegelt, so oder so. Darin liegt die \u201eGewalt\u201c, aus meiner Sicht unentrinnbar. Es ist aber die Frage, ob wir es schaffen, im Untergang des Alten die Keime f\u00fcr das Neue zu legen. <\/p>\n\n\n\n<p>Um weiter zu kommen, brauchen wir einen ganz neuen Einschlag. Nicht einen ganz neuen Dreh meine ich, um alles beim Alten zu lassen, sondern etwas <em>wirklich<\/em> Neues. Zum Beispiel, dass wir es endlich aufgeben, das ein f\u00fcr allemal \u201eRichtige\u201c finden zu wollen, mit dem dann endg\u00fcltig alle Menschen zu \u2013 Beherrschten werden k\u00f6nnen. Dass wir das wesentliche Charakteristikum unseres irdischen Lebens, dass es n\u00e4mlich endlich ist, ohne Furcht einbeziehen in unser irdisches Leben statt immer neue Wettl\u00e4ufe um noch ein bisschen mehr davon zu starten. Vielleicht k\u00f6nnen wir dabei auch Wege finden, endlich anzuerkennen, dass jeder Mensch aus dem Unsichtbaren, das er auch f\u00fcr sich selber ist und bleibt (wir sprechen durchaus unterscheidend von \u201eIch\u201c und \u201emein Leib\u201c), dass jeder Mensch also aus diesem Unsichtbaren, aus dem er in sein Erdendasein tritt, eine Art Plan mitbringt f\u00fcr dieses Leben, und dass es eine lohnende Aufgabe sein kann, diese Pl\u00e4ne kennenzulernen und f\u00f6rdernd ihre Realisierung zu begleiten. Dann kann vielleicht auch die Einsicht wachsen, dass das Reich, in das die Toten gehen, vielleicht nicht nur Strafe oder Lohn f\u00fcr dieses irdische Leben ist oder einfach ein schwarzes Nichts, sondern eine Gelegenheit, sich andernorts umzubilden und in einem folgenden Leben mitzuwirken am Ausgleich dessen, was man getan oder gelassen hat. Schon Lessing sprach davon, Rudolf Steiner und viele andere. <\/p>\n\n\n\n<p>Denn eines ist deutlich: das \u201edunkle Loch\u201c, als das uns \u201eCorona\u201c erscheint, wenn sie ihre Maske zeigt, hat seine Entsprechung in uns selber. Kennen wir denn uns und unsere wahren Absichten? Unseren Plan f\u00fcr dieses Leben? Leben wir nicht viel \u00f6fter, als wir zugeben wollen, einfach aus, was uns treibt, unwissend, oft ohne Besinnung? Ist nicht gerade die Situation der Welt, und gerade die jetzige, mit \u201eCorona\u201c, ein Bild f\u00fcr die Besinnungslosigkeit, in der die Menschheit selber an dem Ast s\u00e4gt, auf dem sie sitzt? Und zeigt ihre <em>Maske<\/em> nicht gerade, was dadurch entsteht, an Leid und Zerst\u00f6rung, wenn wir die Maske nicht durchschauen?<\/p>\n\n\n\n<h4 class=\"wp-block-heading\">Nachbemerkung<\/h4>\n\n\n\n<p>Nat\u00fcrlich bin ich aufgrund solcher Erw\u00e4gungen \u2013 auch \u2013 Partei. Ich lehne das erzwungene Tragen von Gesichtsvermummung an Orten, die jedermann zur Sicherung seines Lebensunterhaltes frei aufsuchen k\u00f6nnen muss (also Gesch\u00e4fte, Wochenm\u00e4rkte, Apotheken etc.) ab. Viele weitere Argumente gegen einen solchen Zwang finden sich<a rel=\"noreferrer noopener\" href=\"https:\/\/www.heise.de\/tp\/features\/Nein-zur-Maskenpflicht-4709589.html\" target=\"_blank\"> =&gt;hier<\/a> und <a rel=\"noreferrer noopener\" href=\"https:\/\/www.tagesspiegel.de\/gesellschaft\/panorama\/urteil-zu-verschleierung-schule-muss-muslimische-schuelerin-mit-nikab-nicht-unterrichten\/14440374.html\" target=\"_blank\">=&gt;hier<\/a> und <a rel=\"noreferrer noopener\" href=\"https:\/\/www.nachdenkseiten.de\/?p=60520\" target=\"_blank\">=&gt;hier<\/a>. Wer, weil er selber evtl. krank ist und seine Umwelt sch\u00fctzen m\u00f6chte, aus freien St\u00fccken so etwas tr\u00e4gt, kann das ja tun. Dann ist das aber eine sehr begrenzte Personenzahl und eine begrenzte Zeit. Dass der derzeitige Maskenzwang auf l\u00e4nger angelegt ist, l\u00e4sst sich aus der Aussage des Bundesministers Altmaier entnehmen, dass \u201ein der Corona-Krise j\u00e4hrlich bis zu zw\u00f6lf Milliarden Atemschutzmasken ben\u00f6tigt werden\u201c (Quelle: <a rel=\"noreferrer noopener\" href=\"https:\/\/www.br.de\/nachrichten\/meldung\/altmaier-kalkuliert-mit-bis-zu-12-milliarden-masken-pro-jahr,3002b9f19\" target=\"_blank\">=&gt;hier<\/a>). J\u00e4hrlich, sagt er. Also ab 2020 jedes Jahr wieder. \u00fcber die Corona-Krise &#8222;Alles l\u00e4uft wie nach Drehbuch\u201c, sagte der Krisenforscher Frank Roselieb im Interview der Tagesschau (Quelle: <a rel=\"noreferrer noopener\" href=\"https:\/\/www.tagesschau.de\/inland\/interview-krisenforscher-corona-101.html\" target=\"_blank\">=&gt;hier<\/a>). Die Maske verr\u00e4t sich eben doch auch immer wieder.<\/p>\n\n\n\n<p>Es wird nicht sinnvoll sein, solchen &#8222;Verr\u00e4tern&#8220; (im doppelten Sinne) gegen\u00fcber jetzt die moralische Keule zu schwingen. Wissen wir, in welchen Zw\u00e4ngen solche Menschen stehen? K\u00f6nnen wir uns zum Richter \u00fcber sie aufschwingen? Ich will nicht in <em>diesem<\/em> Sinne \u201ePartei ergreifen\u201c f\u00fcr eine Seite, und die andere verurteilen. Nur wo es aus dem Willen hervorgeht, endlich der Wahrheit zu dienen und sie daf\u00fcr jederzeit offen zu legen, kann ich begr\u00fcndet das eine oder andere im Alltag vorziehen oder vermeiden wollen. Die physische Welt ist ja nun einmal so, dass wir in ihr oftmals zu Entscheidungen gen\u00f6tigt sind. Eine solche Entscheidung <em>ist<\/em> dann aber nicht wahr, sondern allenfalls <em>der Wahrheit verpflichtet<\/em>.<\/p>\n\n\n\n<p>Was mir zu diesem Thema noch zu sagen bleibt, findet sich <a href=\"https:\/\/emhuisken.de\/wordpress\/2020\/04\/masken\/\" target=\"_blank\" rel=\"noreferrer noopener\">=&gt;hier<\/a>.<\/p>\n","protected":false},"excerpt":{"rendered":"<p>Die Auseinandersetzungen um die erzwungene Gesichtsvermummung k\u00f6nnen auf eine tiefere Schicht des derzeit weltbeherrschenden Problems \u201eCorona\u201c hinweisen.<\/p>\n","protected":false},"author":1,"featured_media":2035,"comment_status":"open","ping_status":"closed","sticky":false,"template":"","format":"standard","meta":{"footnotes":""},"categories":[267],"tags":[289,180,155,329,283,287,254,263,316,52,284],"class_list":["post-2144","post","type-post","status-publish","format-standard","has-post-thumbnail","hentry","category-geisteswissenschaft","tag-corona","tag-freiheit","tag-gesellschaft","tag-kommentare","tag-masken","tag-mensch","tag-sonntagsgedanken","tag-soziales-leben","tag-texte","tag-titel","tag-wahrheit"],"yoast_head":"<!-- This site is optimized with the Yoast SEO plugin v27.4 - https:\/\/yoast.com\/product\/yoast-seo-wordpress\/ -->\n<title>Die Maske der Corona - kann man ihr wahres Gesicht erkennen?<\/title>\n<meta name=\"description\" content=\"Die Auseinandersetzungen um die erzwungene Gesichtsvermummung (Maske) weisen auf eine tiefere Schicht des derzeit weltbeherrschenden Problems \u201eCorona\u201c hin.\" \/>\n<meta name=\"robots\" content=\"index, follow, max-snippet:-1, max-image-preview:large, max-video-preview:-1\" \/>\n<link rel=\"canonical\" href=\"https:\/\/emhuisken.de\/wordpress\/2020\/04\/die-maske-der-corona\/\" \/>\n<meta property=\"og:locale\" content=\"de_DE\" \/>\n<meta property=\"og:type\" content=\"article\" \/>\n<meta property=\"og:title\" content=\"Die Maske der Corona - kann man ihr wahres Gesicht erkennen?\" \/>\n<meta property=\"og:description\" content=\"Die Auseinandersetzungen um die erzwungene Gesichtsvermummung (Maske) weisen auf eine tiefere Schicht des derzeit weltbeherrschenden Problems \u201eCorona\u201c hin.\" \/>\n<meta property=\"og:url\" content=\"https:\/\/emhuisken.de\/wordpress\/2020\/04\/die-maske-der-corona\/\" \/>\n<meta property=\"og:site_name\" content=\"Musik \u2013 Wort \u2013 Geisteswissenschaft\" \/>\n<meta property=\"article:published_time\" content=\"2020-04-26T15:15:54+00:00\" \/>\n<meta property=\"article:modified_time\" content=\"2021-01-22T19:54:23+00:00\" \/>\n<meta property=\"og:image\" content=\"https:\/\/emhuisken.de\/wordpress\/wp-content\/uploads\/2019\/12\/slider_der_ruf.jpg\" \/>\n\t<meta property=\"og:image:width\" content=\"880\" \/>\n\t<meta property=\"og:image:height\" content=\"200\" \/>\n\t<meta property=\"og:image:type\" content=\"image\/jpeg\" \/>\n<meta name=\"author\" content=\"Stefan Carl Em Huisken\" \/>\n<meta name=\"twitter:card\" content=\"summary_large_image\" \/>\n<meta name=\"twitter:label1\" content=\"Geschrieben von\" \/>\n\t<meta name=\"twitter:data1\" content=\"Stefan Carl Em Huisken\" \/>\n\t<meta name=\"twitter:label2\" content=\"Gesch\u00e4tzte Lesezeit\" \/>\n\t<meta name=\"twitter:data2\" content=\"9\u00a0Minuten\" \/>\n<script type=\"application\/ld+json\" class=\"yoast-schema-graph\">{\"@context\":\"https:\\\/\\\/schema.org\",\"@graph\":[{\"@type\":\"Article\",\"@id\":\"https:\\\/\\\/emhuisken.de\\\/wordpress\\\/2020\\\/04\\\/die-maske-der-corona\\\/#article\",\"isPartOf\":{\"@id\":\"https:\\\/\\\/emhuisken.de\\\/wordpress\\\/2020\\\/04\\\/die-maske-der-corona\\\/\"},\"author\":{\"name\":\"Stefan Carl Em Huisken\",\"@id\":\"https:\\\/\\\/emhuisken.de\\\/wordpress\\\/#\\\/schema\\\/person\\\/d97bf7d74295f11fe6963296f0232ec3\"},\"headline\":\"Die Maske der Corona\",\"datePublished\":\"2020-04-26T15:15:54+00:00\",\"dateModified\":\"2021-01-22T19:54:23+00:00\",\"mainEntityOfPage\":{\"@id\":\"https:\\\/\\\/emhuisken.de\\\/wordpress\\\/2020\\\/04\\\/die-maske-der-corona\\\/\"},\"wordCount\":2153,\"commentCount\":2,\"publisher\":{\"@id\":\"https:\\\/\\\/emhuisken.de\\\/wordpress\\\/#organization\"},\"image\":{\"@id\":\"https:\\\/\\\/emhuisken.de\\\/wordpress\\\/2020\\\/04\\\/die-maske-der-corona\\\/#primaryimage\"},\"thumbnailUrl\":\"https:\\\/\\\/emhuisken.de\\\/wordpress\\\/wp-content\\\/uploads\\\/2019\\\/12\\\/slider_der_ruf.jpg\",\"keywords\":[\"Corona\",\"Freiheit\",\"Gesellschaft\",\"Kommentare\",\"Masken\",\"Mensch\",\"Sonntagsgedanken\",\"Soziales Leben\",\"Texte\",\"Titel\",\"Wahrheit\"],\"articleSection\":[\"Geisteswissenschaft\"],\"inLanguage\":\"de\",\"potentialAction\":[{\"@type\":\"CommentAction\",\"name\":\"Comment\",\"target\":[\"https:\\\/\\\/emhuisken.de\\\/wordpress\\\/2020\\\/04\\\/die-maske-der-corona\\\/#respond\"]}]},{\"@type\":\"WebPage\",\"@id\":\"https:\\\/\\\/emhuisken.de\\\/wordpress\\\/2020\\\/04\\\/die-maske-der-corona\\\/\",\"url\":\"https:\\\/\\\/emhuisken.de\\\/wordpress\\\/2020\\\/04\\\/die-maske-der-corona\\\/\",\"name\":\"Die Maske der Corona - kann man ihr wahres Gesicht erkennen?\",\"isPartOf\":{\"@id\":\"https:\\\/\\\/emhuisken.de\\\/wordpress\\\/#website\"},\"primaryImageOfPage\":{\"@id\":\"https:\\\/\\\/emhuisken.de\\\/wordpress\\\/2020\\\/04\\\/die-maske-der-corona\\\/#primaryimage\"},\"image\":{\"@id\":\"https:\\\/\\\/emhuisken.de\\\/wordpress\\\/2020\\\/04\\\/die-maske-der-corona\\\/#primaryimage\"},\"thumbnailUrl\":\"https:\\\/\\\/emhuisken.de\\\/wordpress\\\/wp-content\\\/uploads\\\/2019\\\/12\\\/slider_der_ruf.jpg\",\"datePublished\":\"2020-04-26T15:15:54+00:00\",\"dateModified\":\"2021-01-22T19:54:23+00:00\",\"description\":\"Die Auseinandersetzungen um die erzwungene Gesichtsvermummung (Maske) weisen auf eine tiefere Schicht des derzeit weltbeherrschenden Problems \u201eCorona\u201c hin.\",\"breadcrumb\":{\"@id\":\"https:\\\/\\\/emhuisken.de\\\/wordpress\\\/2020\\\/04\\\/die-maske-der-corona\\\/#breadcrumb\"},\"inLanguage\":\"de\",\"potentialAction\":[{\"@type\":\"ReadAction\",\"target\":[\"https:\\\/\\\/emhuisken.de\\\/wordpress\\\/2020\\\/04\\\/die-maske-der-corona\\\/\"]}]},{\"@type\":\"ImageObject\",\"inLanguage\":\"de\",\"@id\":\"https:\\\/\\\/emhuisken.de\\\/wordpress\\\/2020\\\/04\\\/die-maske-der-corona\\\/#primaryimage\",\"url\":\"https:\\\/\\\/emhuisken.de\\\/wordpress\\\/wp-content\\\/uploads\\\/2019\\\/12\\\/slider_der_ruf.jpg\",\"contentUrl\":\"https:\\\/\\\/emhuisken.de\\\/wordpress\\\/wp-content\\\/uploads\\\/2019\\\/12\\\/slider_der_ruf.jpg\",\"width\":880,\"height\":200},{\"@type\":\"BreadcrumbList\",\"@id\":\"https:\\\/\\\/emhuisken.de\\\/wordpress\\\/2020\\\/04\\\/die-maske-der-corona\\\/#breadcrumb\",\"itemListElement\":[{\"@type\":\"ListItem\",\"position\":1,\"name\":\"Home\",\"item\":\"https:\\\/\\\/emhuisken.de\\\/wordpress\\\/\"},{\"@type\":\"ListItem\",\"position\":2,\"name\":\"Die Maske der Corona\"}]},{\"@type\":\"WebSite\",\"@id\":\"https:\\\/\\\/emhuisken.de\\\/wordpress\\\/#website\",\"url\":\"https:\\\/\\\/emhuisken.de\\\/wordpress\\\/\",\"name\":\"Musik \u2013 Wort \u2013 Geisteswissenschaft\",\"description\":\"Ton-, Wort-, Gedankenkunst\",\"publisher\":{\"@id\":\"https:\\\/\\\/emhuisken.de\\\/wordpress\\\/#organization\"},\"potentialAction\":[{\"@type\":\"SearchAction\",\"target\":{\"@type\":\"EntryPoint\",\"urlTemplate\":\"https:\\\/\\\/emhuisken.de\\\/wordpress\\\/?s={search_term_string}\"},\"query-input\":{\"@type\":\"PropertyValueSpecification\",\"valueRequired\":true,\"valueName\":\"search_term_string\"}}],\"inLanguage\":\"de\"},{\"@type\":\"Organization\",\"@id\":\"https:\\\/\\\/emhuisken.de\\\/wordpress\\\/#organization\",\"name\":\"Musik \u2013 Wort \u2013 Geisteswissenschaft\",\"url\":\"https:\\\/\\\/emhuisken.de\\\/wordpress\\\/\",\"logo\":{\"@type\":\"ImageObject\",\"inLanguage\":\"de\",\"@id\":\"https:\\\/\\\/emhuisken.de\\\/wordpress\\\/#\\\/schema\\\/logo\\\/image\\\/\",\"url\":\"https:\\\/\\\/emhuisken.de\\\/wordpress\\\/wp-content\\\/uploads\\\/2014\\\/10\\\/eh_logo_schatten_240x66-1.png\",\"contentUrl\":\"https:\\\/\\\/emhuisken.de\\\/wordpress\\\/wp-content\\\/uploads\\\/2014\\\/10\\\/eh_logo_schatten_240x66-1.png\",\"width\":240,\"height\":66,\"caption\":\"Musik \u2013 Wort \u2013 Geisteswissenschaft\"},\"image\":{\"@id\":\"https:\\\/\\\/emhuisken.de\\\/wordpress\\\/#\\\/schema\\\/logo\\\/image\\\/\"}},{\"@type\":\"Person\",\"@id\":\"https:\\\/\\\/emhuisken.de\\\/wordpress\\\/#\\\/schema\\\/person\\\/d97bf7d74295f11fe6963296f0232ec3\",\"name\":\"Stefan Carl Em Huisken\",\"url\":\"https:\\\/\\\/emhuisken.de\\\/wordpress\\\/author\\\/shoeschen\\\/\"}]}<\/script>\n<!-- \/ Yoast SEO plugin. -->","yoast_head_json":{"title":"Die Maske der Corona - kann man ihr wahres Gesicht erkennen?","description":"Die Auseinandersetzungen um die erzwungene Gesichtsvermummung (Maske) weisen auf eine tiefere Schicht des derzeit weltbeherrschenden Problems \u201eCorona\u201c hin.","robots":{"index":"index","follow":"follow","max-snippet":"max-snippet:-1","max-image-preview":"max-image-preview:large","max-video-preview":"max-video-preview:-1"},"canonical":"https:\/\/emhuisken.de\/wordpress\/2020\/04\/die-maske-der-corona\/","og_locale":"de_DE","og_type":"article","og_title":"Die Maske der Corona - kann man ihr wahres Gesicht erkennen?","og_description":"Die Auseinandersetzungen um die erzwungene Gesichtsvermummung (Maske) weisen auf eine tiefere Schicht des derzeit weltbeherrschenden Problems \u201eCorona\u201c hin.","og_url":"https:\/\/emhuisken.de\/wordpress\/2020\/04\/die-maske-der-corona\/","og_site_name":"Musik \u2013 Wort \u2013 Geisteswissenschaft","article_published_time":"2020-04-26T15:15:54+00:00","article_modified_time":"2021-01-22T19:54:23+00:00","og_image":[{"width":880,"height":200,"url":"https:\/\/emhuisken.de\/wordpress\/wp-content\/uploads\/2019\/12\/slider_der_ruf.jpg","type":"image\/jpeg"}],"author":"Stefan Carl Em Huisken","twitter_card":"summary_large_image","twitter_misc":{"Geschrieben von":"Stefan Carl Em Huisken","Gesch\u00e4tzte Lesezeit":"9\u00a0Minuten"},"schema":{"@context":"https:\/\/schema.org","@graph":[{"@type":"Article","@id":"https:\/\/emhuisken.de\/wordpress\/2020\/04\/die-maske-der-corona\/#article","isPartOf":{"@id":"https:\/\/emhuisken.de\/wordpress\/2020\/04\/die-maske-der-corona\/"},"author":{"name":"Stefan Carl Em Huisken","@id":"https:\/\/emhuisken.de\/wordpress\/#\/schema\/person\/d97bf7d74295f11fe6963296f0232ec3"},"headline":"Die Maske der Corona","datePublished":"2020-04-26T15:15:54+00:00","dateModified":"2021-01-22T19:54:23+00:00","mainEntityOfPage":{"@id":"https:\/\/emhuisken.de\/wordpress\/2020\/04\/die-maske-der-corona\/"},"wordCount":2153,"commentCount":2,"publisher":{"@id":"https:\/\/emhuisken.de\/wordpress\/#organization"},"image":{"@id":"https:\/\/emhuisken.de\/wordpress\/2020\/04\/die-maske-der-corona\/#primaryimage"},"thumbnailUrl":"https:\/\/emhuisken.de\/wordpress\/wp-content\/uploads\/2019\/12\/slider_der_ruf.jpg","keywords":["Corona","Freiheit","Gesellschaft","Kommentare","Masken","Mensch","Sonntagsgedanken","Soziales Leben","Texte","Titel","Wahrheit"],"articleSection":["Geisteswissenschaft"],"inLanguage":"de","potentialAction":[{"@type":"CommentAction","name":"Comment","target":["https:\/\/emhuisken.de\/wordpress\/2020\/04\/die-maske-der-corona\/#respond"]}]},{"@type":"WebPage","@id":"https:\/\/emhuisken.de\/wordpress\/2020\/04\/die-maske-der-corona\/","url":"https:\/\/emhuisken.de\/wordpress\/2020\/04\/die-maske-der-corona\/","name":"Die Maske der Corona - kann man ihr wahres Gesicht erkennen?","isPartOf":{"@id":"https:\/\/emhuisken.de\/wordpress\/#website"},"primaryImageOfPage":{"@id":"https:\/\/emhuisken.de\/wordpress\/2020\/04\/die-maske-der-corona\/#primaryimage"},"image":{"@id":"https:\/\/emhuisken.de\/wordpress\/2020\/04\/die-maske-der-corona\/#primaryimage"},"thumbnailUrl":"https:\/\/emhuisken.de\/wordpress\/wp-content\/uploads\/2019\/12\/slider_der_ruf.jpg","datePublished":"2020-04-26T15:15:54+00:00","dateModified":"2021-01-22T19:54:23+00:00","description":"Die Auseinandersetzungen um die erzwungene Gesichtsvermummung (Maske) weisen auf eine tiefere Schicht des derzeit weltbeherrschenden Problems \u201eCorona\u201c hin.","breadcrumb":{"@id":"https:\/\/emhuisken.de\/wordpress\/2020\/04\/die-maske-der-corona\/#breadcrumb"},"inLanguage":"de","potentialAction":[{"@type":"ReadAction","target":["https:\/\/emhuisken.de\/wordpress\/2020\/04\/die-maske-der-corona\/"]}]},{"@type":"ImageObject","inLanguage":"de","@id":"https:\/\/emhuisken.de\/wordpress\/2020\/04\/die-maske-der-corona\/#primaryimage","url":"https:\/\/emhuisken.de\/wordpress\/wp-content\/uploads\/2019\/12\/slider_der_ruf.jpg","contentUrl":"https:\/\/emhuisken.de\/wordpress\/wp-content\/uploads\/2019\/12\/slider_der_ruf.jpg","width":880,"height":200},{"@type":"BreadcrumbList","@id":"https:\/\/emhuisken.de\/wordpress\/2020\/04\/die-maske-der-corona\/#breadcrumb","itemListElement":[{"@type":"ListItem","position":1,"name":"Home","item":"https:\/\/emhuisken.de\/wordpress\/"},{"@type":"ListItem","position":2,"name":"Die Maske der Corona"}]},{"@type":"WebSite","@id":"https:\/\/emhuisken.de\/wordpress\/#website","url":"https:\/\/emhuisken.de\/wordpress\/","name":"Musik \u2013 Wort \u2013 Geisteswissenschaft","description":"Ton-, Wort-, Gedankenkunst","publisher":{"@id":"https:\/\/emhuisken.de\/wordpress\/#organization"},"potentialAction":[{"@type":"SearchAction","target":{"@type":"EntryPoint","urlTemplate":"https:\/\/emhuisken.de\/wordpress\/?s={search_term_string}"},"query-input":{"@type":"PropertyValueSpecification","valueRequired":true,"valueName":"search_term_string"}}],"inLanguage":"de"},{"@type":"Organization","@id":"https:\/\/emhuisken.de\/wordpress\/#organization","name":"Musik \u2013 Wort \u2013 Geisteswissenschaft","url":"https:\/\/emhuisken.de\/wordpress\/","logo":{"@type":"ImageObject","inLanguage":"de","@id":"https:\/\/emhuisken.de\/wordpress\/#\/schema\/logo\/image\/","url":"https:\/\/emhuisken.de\/wordpress\/wp-content\/uploads\/2014\/10\/eh_logo_schatten_240x66-1.png","contentUrl":"https:\/\/emhuisken.de\/wordpress\/wp-content\/uploads\/2014\/10\/eh_logo_schatten_240x66-1.png","width":240,"height":66,"caption":"Musik \u2013 Wort \u2013 Geisteswissenschaft"},"image":{"@id":"https:\/\/emhuisken.de\/wordpress\/#\/schema\/logo\/image\/"}},{"@type":"Person","@id":"https:\/\/emhuisken.de\/wordpress\/#\/schema\/person\/d97bf7d74295f11fe6963296f0232ec3","name":"Stefan Carl Em Huisken","url":"https:\/\/emhuisken.de\/wordpress\/author\/shoeschen\/"}]}},"_links":{"self":[{"href":"https:\/\/emhuisken.de\/wordpress\/wp-json\/wp\/v2\/posts\/2144","targetHints":{"allow":["GET"]}}],"collection":[{"href":"https:\/\/emhuisken.de\/wordpress\/wp-json\/wp\/v2\/posts"}],"about":[{"href":"https:\/\/emhuisken.de\/wordpress\/wp-json\/wp\/v2\/types\/post"}],"author":[{"embeddable":true,"href":"https:\/\/emhuisken.de\/wordpress\/wp-json\/wp\/v2\/users\/1"}],"replies":[{"embeddable":true,"href":"https:\/\/emhuisken.de\/wordpress\/wp-json\/wp\/v2\/comments?post=2144"}],"version-history":[{"count":6,"href":"https:\/\/emhuisken.de\/wordpress\/wp-json\/wp\/v2\/posts\/2144\/revisions"}],"predecessor-version":[{"id":2157,"href":"https:\/\/emhuisken.de\/wordpress\/wp-json\/wp\/v2\/posts\/2144\/revisions\/2157"}],"wp:featuredmedia":[{"embeddable":true,"href":"https:\/\/emhuisken.de\/wordpress\/wp-json\/wp\/v2\/media\/2035"}],"wp:attachment":[{"href":"https:\/\/emhuisken.de\/wordpress\/wp-json\/wp\/v2\/media?parent=2144"}],"wp:term":[{"taxonomy":"category","embeddable":true,"href":"https:\/\/emhuisken.de\/wordpress\/wp-json\/wp\/v2\/categories?post=2144"},{"taxonomy":"post_tag","embeddable":true,"href":"https:\/\/emhuisken.de\/wordpress\/wp-json\/wp\/v2\/tags?post=2144"}],"curies":[{"name":"wp","href":"https:\/\/api.w.org\/{rel}","templated":true}]}}