{"id":207,"date":"2015-02-16T22:09:41","date_gmt":"2015-02-16T21:09:41","guid":{"rendered":"http:\/\/emhuisken.de\/wordpress\/musik\/?p=207"},"modified":"2021-10-22T22:57:50","modified_gmt":"2021-10-22T21:57:50","slug":"neue-cd-guentsied-jenseits-erscheint-anfang-maerz","status":"publish","type":"post","link":"https:\/\/emhuisken.de\/wordpress\/2015\/02\/neue-cd-guentsied-jenseits-erscheint-anfang-maerz\/","title":{"rendered":"Neue CD &#8222;G\u00fcntsied &#8211; Jenseits&#8220; erscheint Anfang M\u00e4rz"},"content":{"rendered":"<div class=\"pdfprnt-buttons pdfprnt-buttons-post pdfprnt-top-right\"><a href=\"https:\/\/emhuisken.de\/wordpress\/wp-json\/wp\/v2\/posts\/207?print=print\" class=\"pdfprnt-button pdfprnt-button-print\" target=\"_blank\" ><img decoding=\"async\" src=\"https:\/\/emhuisken.de\/wordpress\/wp-content\/plugins\/pdf-print\/images\/print.png\" alt=\"image_print\" title=\"Print Content\" \/><span class=\"pdfprnt-button-title pdfprnt-button-print-title\">F\u00fcr l\u00e4ngere Texte empfehle ich vorherigen Ausdruck<\/span><\/a><\/div>\n<p>Jetzt ist die Arbeit getan, nur das Presswerk muss noch termingerecht seine Aufgabe erledigen &#8211; aber da bin ich zuversichtlich. Die neue CD &#8222;G\u00fcntsied &#8211; Jenseits&#8220; soll also in den n\u00e4chsten Wochen erscheinen.<br>Hier ein Auszug aus dem Text des Booklets:<\/p>\n\n\n\n<p>Woher stammen eigentlich unsere Tr\u00e4ume, Sehnsuchten, W\u00fcnsche und Vorhaben? Woher die Bilder von M\u00e4rchen, Sagen und Volkserz\u00e4hlungen? Sind alte Liedertexte immer so prosaisch gemeint, wie wir heute gewohnt sind sie zu verstehen? Oder gibt es da eine andere Welt, die wir nicht unmittelbar sehen und anfassen k\u00f6nnen, die aber vielleicht ebenso wirklich \u2013 vielleicht viel wirklicher? &#8211; ist als unsere gewohnte Welt? (&#8230;)<\/p>\n\n\n\n<p>Diese Welt gibt es. Vielleicht zun\u00e4chst nur in unserer Fantasie \u2013 aber ist die denn unwirklich?<\/p>\n\n\n\n<p>Die Magie der alten Sagenbilder, der W\u00fcnsche und Tr\u00e4ume findet ihre Entsprechung in manchen musikalischen Strukturen und vor allem in den gro\u00dfartigen Gemeinschaftst\u00e4nzen der Bretagne. Darum tanzen auf dieser CD Wasserm\u00e4nner, Elfen, Alruuntjes und andere Gestalten T\u00e4nze wie Plinn, An Dro, Larid\u00e9 oder Pil\u00e9-Menu. (&#8230;)&nbsp; Dort, wo die Welten verschmelzen: unsere gewohnte Welt und \u201eG\u00fcntsied \u2013 Jenseits\u201c.<\/p>\n\n\n\n<p>H\u00f6rproben findet man mit einem Klick hier: \u00a0 <a href=\"https:\/\/youtube.com\/playlist?list=PLXnGoGCgBVPhQDcVQm9BOXLPZ7fSLHG_D\" target=\"_blank\" rel=\"noreferrer noopener\"><img loading=\"lazy\" decoding=\"async\" width=\"300\" height=\"300\" class=\"alignnone wp-image-208 size-medium\" src=\"http:\/\/emhuisken.de\/wordpress\/wp-content\/uploads\/2015\/02\/Vorab-300x300.jpg\" alt=\"Vorab\" srcset=\"https:\/\/emhuisken.de\/wordpress\/wp-content\/uploads\/2015\/02\/Vorab-300x300.jpg 300w, https:\/\/emhuisken.de\/wordpress\/wp-content\/uploads\/2015\/02\/Vorab-200x200.jpg 200w, https:\/\/emhuisken.de\/wordpress\/wp-content\/uploads\/2015\/02\/Vorab-100x100.jpg 100w, https:\/\/emhuisken.de\/wordpress\/wp-content\/uploads\/2015\/02\/Vorab-150x150.jpg 150w, https:\/\/emhuisken.de\/wordpress\/wp-content\/uploads\/2015\/02\/Vorab-768x767.jpg 768w, https:\/\/emhuisken.de\/wordpress\/wp-content\/uploads\/2015\/02\/Vorab-600x599.jpg 600w, https:\/\/emhuisken.de\/wordpress\/wp-content\/uploads\/2015\/02\/Vorab-280x280.jpg 280w, https:\/\/emhuisken.de\/wordpress\/wp-content\/uploads\/2015\/02\/Vorab-80x80.jpg 80w, https:\/\/emhuisken.de\/wordpress\/wp-content\/uploads\/2015\/02\/Vorab-380x380.jpg 380w, https:\/\/emhuisken.de\/wordpress\/wp-content\/uploads\/2015\/02\/Vorab.jpg 851w\" sizes=\"auto, (max-width: 300px) 100vw, 300px\" \/><\/a><\/p>\n","protected":false},"excerpt":{"rendered":"<p>Informationen zur demn\u00e4chst erscheinenden CD 2G\u00fcntsied &#8211; Jenseits&#8220;.<\/p>\n","protected":false},"author":1,"featured_media":0,"comment_status":"open","ping_status":"closed","sticky":false,"template":"","format":"standard","meta":{"footnotes":""},"categories":[73],"tags":[190,191,315],"class_list":["post-207","post","type-post","status-publish","format-standard","hentry","category-musik","tag-cd","tag-guentsied","tag-projekte"],"yoast_head":"<!-- This site is optimized with the Yoast SEO plugin v27.4 - https:\/\/yoast.com\/product\/yoast-seo-wordpress\/ -->\n<title>Neue CD &quot;G\u00fcntsied&quot; erscheint Anfang M\u00e4rz<\/title>\n<meta name=\"description\" content=\"Neue Cd &quot;G\u00fcntsied&quot; erscheint an Fang M\u00e4rz\" \/>\n<meta name=\"robots\" content=\"index, follow, max-snippet:-1, max-image-preview:large, max-video-preview:-1\" \/>\n<link rel=\"canonical\" href=\"https:\/\/emhuisken.de\/wordpress\/2015\/02\/neue-cd-guentsied-jenseits-erscheint-anfang-maerz\/\" \/>\n<meta property=\"og:locale\" content=\"de_DE\" \/>\n<meta property=\"og:type\" content=\"article\" \/>\n<meta property=\"og:title\" content=\"Neue CD &quot;G\u00fcntsied&quot; erscheint Anfang M\u00e4rz\" \/>\n<meta property=\"og:description\" content=\"Neue Cd &quot;G\u00fcntsied&quot; erscheint an Fang M\u00e4rz\" \/>\n<meta property=\"og:url\" content=\"https:\/\/emhuisken.de\/wordpress\/2015\/02\/neue-cd-guentsied-jenseits-erscheint-anfang-maerz\/\" \/>\n<meta property=\"og:site_name\" content=\"Musik \u2013 Wort \u2013 Geisteswissenschaft\" \/>\n<meta property=\"article:published_time\" content=\"2015-02-16T21:09:41+00:00\" \/>\n<meta property=\"article:modified_time\" content=\"2021-10-22T21:57:50+00:00\" \/>\n<meta property=\"og:image\" content=\"http:\/\/emhuisken.de\/wordpress\/wp-content\/uploads\/2015\/02\/Vorab-300x300.jpg\" \/>\n<meta name=\"author\" content=\"Stefan Carl Em Huisken\" \/>\n<meta name=\"twitter:card\" content=\"summary_large_image\" \/>\n<meta name=\"twitter:label1\" content=\"Geschrieben von\" \/>\n\t<meta name=\"twitter:data1\" content=\"Stefan Carl Em Huisken\" \/>\n\t<meta name=\"twitter:label2\" content=\"Gesch\u00e4tzte Lesezeit\" \/>\n\t<meta name=\"twitter:data2\" content=\"1\u00a0Minute\" \/>\n<script type=\"application\/ld+json\" class=\"yoast-schema-graph\">{\"@context\":\"https:\\\/\\\/schema.org\",\"@graph\":[{\"@type\":\"Article\",\"@id\":\"https:\\\/\\\/emhuisken.de\\\/wordpress\\\/2015\\\/02\\\/neue-cd-guentsied-jenseits-erscheint-anfang-maerz\\\/#article\",\"isPartOf\":{\"@id\":\"https:\\\/\\\/emhuisken.de\\\/wordpress\\\/2015\\\/02\\\/neue-cd-guentsied-jenseits-erscheint-anfang-maerz\\\/\"},\"author\":{\"name\":\"Stefan Carl Em Huisken\",\"@id\":\"https:\\\/\\\/emhuisken.de\\\/wordpress\\\/#\\\/schema\\\/person\\\/d97bf7d74295f11fe6963296f0232ec3\"},\"headline\":\"Neue CD &#8222;G\u00fcntsied &#8211; Jenseits&#8220; erscheint Anfang M\u00e4rz\",\"datePublished\":\"2015-02-16T21:09:41+00:00\",\"dateModified\":\"2021-10-22T21:57:50+00:00\",\"mainEntityOfPage\":{\"@id\":\"https:\\\/\\\/emhuisken.de\\\/wordpress\\\/2015\\\/02\\\/neue-cd-guentsied-jenseits-erscheint-anfang-maerz\\\/\"},\"wordCount\":207,\"commentCount\":0,\"publisher\":{\"@id\":\"https:\\\/\\\/emhuisken.de\\\/wordpress\\\/#organization\"},\"image\":{\"@id\":\"https:\\\/\\\/emhuisken.de\\\/wordpress\\\/2015\\\/02\\\/neue-cd-guentsied-jenseits-erscheint-anfang-maerz\\\/#primaryimage\"},\"thumbnailUrl\":\"http:\\\/\\\/emhuisken.de\\\/wordpress\\\/wp-content\\\/uploads\\\/2015\\\/02\\\/Vorab-300x300.jpg\",\"keywords\":[\"CD\",\"G\u00fcntsied\",\"Projekte\"],\"articleSection\":[\"Musik\"],\"inLanguage\":\"de\",\"potentialAction\":[{\"@type\":\"CommentAction\",\"name\":\"Comment\",\"target\":[\"https:\\\/\\\/emhuisken.de\\\/wordpress\\\/2015\\\/02\\\/neue-cd-guentsied-jenseits-erscheint-anfang-maerz\\\/#respond\"]}]},{\"@type\":\"WebPage\",\"@id\":\"https:\\\/\\\/emhuisken.de\\\/wordpress\\\/2015\\\/02\\\/neue-cd-guentsied-jenseits-erscheint-anfang-maerz\\\/\",\"url\":\"https:\\\/\\\/emhuisken.de\\\/wordpress\\\/2015\\\/02\\\/neue-cd-guentsied-jenseits-erscheint-anfang-maerz\\\/\",\"name\":\"Neue CD \\\"G\u00fcntsied\\\" erscheint Anfang M\u00e4rz\",\"isPartOf\":{\"@id\":\"https:\\\/\\\/emhuisken.de\\\/wordpress\\\/#website\"},\"primaryImageOfPage\":{\"@id\":\"https:\\\/\\\/emhuisken.de\\\/wordpress\\\/2015\\\/02\\\/neue-cd-guentsied-jenseits-erscheint-anfang-maerz\\\/#primaryimage\"},\"image\":{\"@id\":\"https:\\\/\\\/emhuisken.de\\\/wordpress\\\/2015\\\/02\\\/neue-cd-guentsied-jenseits-erscheint-anfang-maerz\\\/#primaryimage\"},\"thumbnailUrl\":\"http:\\\/\\\/emhuisken.de\\\/wordpress\\\/wp-content\\\/uploads\\\/2015\\\/02\\\/Vorab-300x300.jpg\",\"datePublished\":\"2015-02-16T21:09:41+00:00\",\"dateModified\":\"2021-10-22T21:57:50+00:00\",\"description\":\"Neue Cd \\\"G\u00fcntsied\\\" erscheint an Fang M\u00e4rz\",\"breadcrumb\":{\"@id\":\"https:\\\/\\\/emhuisken.de\\\/wordpress\\\/2015\\\/02\\\/neue-cd-guentsied-jenseits-erscheint-anfang-maerz\\\/#breadcrumb\"},\"inLanguage\":\"de\",\"potentialAction\":[{\"@type\":\"ReadAction\",\"target\":[\"https:\\\/\\\/emhuisken.de\\\/wordpress\\\/2015\\\/02\\\/neue-cd-guentsied-jenseits-erscheint-anfang-maerz\\\/\"]}]},{\"@type\":\"ImageObject\",\"inLanguage\":\"de\",\"@id\":\"https:\\\/\\\/emhuisken.de\\\/wordpress\\\/2015\\\/02\\\/neue-cd-guentsied-jenseits-erscheint-anfang-maerz\\\/#primaryimage\",\"url\":\"https:\\\/\\\/emhuisken.de\\\/wordpress\\\/wp-content\\\/uploads\\\/2015\\\/02\\\/Vorab.jpg\",\"contentUrl\":\"https:\\\/\\\/emhuisken.de\\\/wordpress\\\/wp-content\\\/uploads\\\/2015\\\/02\\\/Vorab.jpg\",\"width\":851,\"height\":850},{\"@type\":\"BreadcrumbList\",\"@id\":\"https:\\\/\\\/emhuisken.de\\\/wordpress\\\/2015\\\/02\\\/neue-cd-guentsied-jenseits-erscheint-anfang-maerz\\\/#breadcrumb\",\"itemListElement\":[{\"@type\":\"ListItem\",\"position\":1,\"name\":\"Home\",\"item\":\"https:\\\/\\\/emhuisken.de\\\/wordpress\\\/\"},{\"@type\":\"ListItem\",\"position\":2,\"name\":\"Neue CD &#8222;G\u00fcntsied &#8211; Jenseits&#8220; erscheint Anfang M\u00e4rz\"}]},{\"@type\":\"WebSite\",\"@id\":\"https:\\\/\\\/emhuisken.de\\\/wordpress\\\/#website\",\"url\":\"https:\\\/\\\/emhuisken.de\\\/wordpress\\\/\",\"name\":\"Musik \u2013 Wort \u2013 Geisteswissenschaft\",\"description\":\"Ton-, Wort-, Gedankenkunst\",\"publisher\":{\"@id\":\"https:\\\/\\\/emhuisken.de\\\/wordpress\\\/#organization\"},\"potentialAction\":[{\"@type\":\"SearchAction\",\"target\":{\"@type\":\"EntryPoint\",\"urlTemplate\":\"https:\\\/\\\/emhuisken.de\\\/wordpress\\\/?s={search_term_string}\"},\"query-input\":{\"@type\":\"PropertyValueSpecification\",\"valueRequired\":true,\"valueName\":\"search_term_string\"}}],\"inLanguage\":\"de\"},{\"@type\":\"Organization\",\"@id\":\"https:\\\/\\\/emhuisken.de\\\/wordpress\\\/#organization\",\"name\":\"Musik \u2013 Wort \u2013 Geisteswissenschaft\",\"url\":\"https:\\\/\\\/emhuisken.de\\\/wordpress\\\/\",\"logo\":{\"@type\":\"ImageObject\",\"inLanguage\":\"de\",\"@id\":\"https:\\\/\\\/emhuisken.de\\\/wordpress\\\/#\\\/schema\\\/logo\\\/image\\\/\",\"url\":\"https:\\\/\\\/emhuisken.de\\\/wordpress\\\/wp-content\\\/uploads\\\/2014\\\/10\\\/eh_logo_schatten_240x66-1.png\",\"contentUrl\":\"https:\\\/\\\/emhuisken.de\\\/wordpress\\\/wp-content\\\/uploads\\\/2014\\\/10\\\/eh_logo_schatten_240x66-1.png\",\"width\":240,\"height\":66,\"caption\":\"Musik \u2013 Wort \u2013 Geisteswissenschaft\"},\"image\":{\"@id\":\"https:\\\/\\\/emhuisken.de\\\/wordpress\\\/#\\\/schema\\\/logo\\\/image\\\/\"}},{\"@type\":\"Person\",\"@id\":\"https:\\\/\\\/emhuisken.de\\\/wordpress\\\/#\\\/schema\\\/person\\\/d97bf7d74295f11fe6963296f0232ec3\",\"name\":\"Stefan Carl Em Huisken\",\"url\":\"https:\\\/\\\/emhuisken.de\\\/wordpress\\\/author\\\/shoeschen\\\/\"}]}<\/script>\n<!-- \/ Yoast SEO plugin. -->","yoast_head_json":{"title":"Neue CD \"G\u00fcntsied\" erscheint Anfang M\u00e4rz","description":"Neue Cd \"G\u00fcntsied\" erscheint an Fang M\u00e4rz","robots":{"index":"index","follow":"follow","max-snippet":"max-snippet:-1","max-image-preview":"max-image-preview:large","max-video-preview":"max-video-preview:-1"},"canonical":"https:\/\/emhuisken.de\/wordpress\/2015\/02\/neue-cd-guentsied-jenseits-erscheint-anfang-maerz\/","og_locale":"de_DE","og_type":"article","og_title":"Neue CD \"G\u00fcntsied\" erscheint Anfang M\u00e4rz","og_description":"Neue Cd \"G\u00fcntsied\" erscheint an Fang M\u00e4rz","og_url":"https:\/\/emhuisken.de\/wordpress\/2015\/02\/neue-cd-guentsied-jenseits-erscheint-anfang-maerz\/","og_site_name":"Musik \u2013 Wort \u2013 Geisteswissenschaft","article_published_time":"2015-02-16T21:09:41+00:00","article_modified_time":"2021-10-22T21:57:50+00:00","og_image":[{"url":"http:\/\/emhuisken.de\/wordpress\/wp-content\/uploads\/2015\/02\/Vorab-300x300.jpg","type":"","width":"","height":""}],"author":"Stefan Carl Em Huisken","twitter_card":"summary_large_image","twitter_misc":{"Geschrieben von":"Stefan Carl Em Huisken","Gesch\u00e4tzte Lesezeit":"1\u00a0Minute"},"schema":{"@context":"https:\/\/schema.org","@graph":[{"@type":"Article","@id":"https:\/\/emhuisken.de\/wordpress\/2015\/02\/neue-cd-guentsied-jenseits-erscheint-anfang-maerz\/#article","isPartOf":{"@id":"https:\/\/emhuisken.de\/wordpress\/2015\/02\/neue-cd-guentsied-jenseits-erscheint-anfang-maerz\/"},"author":{"name":"Stefan Carl Em Huisken","@id":"https:\/\/emhuisken.de\/wordpress\/#\/schema\/person\/d97bf7d74295f11fe6963296f0232ec3"},"headline":"Neue CD &#8222;G\u00fcntsied &#8211; Jenseits&#8220; erscheint Anfang M\u00e4rz","datePublished":"2015-02-16T21:09:41+00:00","dateModified":"2021-10-22T21:57:50+00:00","mainEntityOfPage":{"@id":"https:\/\/emhuisken.de\/wordpress\/2015\/02\/neue-cd-guentsied-jenseits-erscheint-anfang-maerz\/"},"wordCount":207,"commentCount":0,"publisher":{"@id":"https:\/\/emhuisken.de\/wordpress\/#organization"},"image":{"@id":"https:\/\/emhuisken.de\/wordpress\/2015\/02\/neue-cd-guentsied-jenseits-erscheint-anfang-maerz\/#primaryimage"},"thumbnailUrl":"http:\/\/emhuisken.de\/wordpress\/wp-content\/uploads\/2015\/02\/Vorab-300x300.jpg","keywords":["CD","G\u00fcntsied","Projekte"],"articleSection":["Musik"],"inLanguage":"de","potentialAction":[{"@type":"CommentAction","name":"Comment","target":["https:\/\/emhuisken.de\/wordpress\/2015\/02\/neue-cd-guentsied-jenseits-erscheint-anfang-maerz\/#respond"]}]},{"@type":"WebPage","@id":"https:\/\/emhuisken.de\/wordpress\/2015\/02\/neue-cd-guentsied-jenseits-erscheint-anfang-maerz\/","url":"https:\/\/emhuisken.de\/wordpress\/2015\/02\/neue-cd-guentsied-jenseits-erscheint-anfang-maerz\/","name":"Neue CD \"G\u00fcntsied\" erscheint Anfang M\u00e4rz","isPartOf":{"@id":"https:\/\/emhuisken.de\/wordpress\/#website"},"primaryImageOfPage":{"@id":"https:\/\/emhuisken.de\/wordpress\/2015\/02\/neue-cd-guentsied-jenseits-erscheint-anfang-maerz\/#primaryimage"},"image":{"@id":"https:\/\/emhuisken.de\/wordpress\/2015\/02\/neue-cd-guentsied-jenseits-erscheint-anfang-maerz\/#primaryimage"},"thumbnailUrl":"http:\/\/emhuisken.de\/wordpress\/wp-content\/uploads\/2015\/02\/Vorab-300x300.jpg","datePublished":"2015-02-16T21:09:41+00:00","dateModified":"2021-10-22T21:57:50+00:00","description":"Neue Cd \"G\u00fcntsied\" erscheint an Fang M\u00e4rz","breadcrumb":{"@id":"https:\/\/emhuisken.de\/wordpress\/2015\/02\/neue-cd-guentsied-jenseits-erscheint-anfang-maerz\/#breadcrumb"},"inLanguage":"de","potentialAction":[{"@type":"ReadAction","target":["https:\/\/emhuisken.de\/wordpress\/2015\/02\/neue-cd-guentsied-jenseits-erscheint-anfang-maerz\/"]}]},{"@type":"ImageObject","inLanguage":"de","@id":"https:\/\/emhuisken.de\/wordpress\/2015\/02\/neue-cd-guentsied-jenseits-erscheint-anfang-maerz\/#primaryimage","url":"https:\/\/emhuisken.de\/wordpress\/wp-content\/uploads\/2015\/02\/Vorab.jpg","contentUrl":"https:\/\/emhuisken.de\/wordpress\/wp-content\/uploads\/2015\/02\/Vorab.jpg","width":851,"height":850},{"@type":"BreadcrumbList","@id":"https:\/\/emhuisken.de\/wordpress\/2015\/02\/neue-cd-guentsied-jenseits-erscheint-anfang-maerz\/#breadcrumb","itemListElement":[{"@type":"ListItem","position":1,"name":"Home","item":"https:\/\/emhuisken.de\/wordpress\/"},{"@type":"ListItem","position":2,"name":"Neue CD &#8222;G\u00fcntsied &#8211; Jenseits&#8220; erscheint Anfang M\u00e4rz"}]},{"@type":"WebSite","@id":"https:\/\/emhuisken.de\/wordpress\/#website","url":"https:\/\/emhuisken.de\/wordpress\/","name":"Musik \u2013 Wort \u2013 Geisteswissenschaft","description":"Ton-, Wort-, Gedankenkunst","publisher":{"@id":"https:\/\/emhuisken.de\/wordpress\/#organization"},"potentialAction":[{"@type":"SearchAction","target":{"@type":"EntryPoint","urlTemplate":"https:\/\/emhuisken.de\/wordpress\/?s={search_term_string}"},"query-input":{"@type":"PropertyValueSpecification","valueRequired":true,"valueName":"search_term_string"}}],"inLanguage":"de"},{"@type":"Organization","@id":"https:\/\/emhuisken.de\/wordpress\/#organization","name":"Musik \u2013 Wort \u2013 Geisteswissenschaft","url":"https:\/\/emhuisken.de\/wordpress\/","logo":{"@type":"ImageObject","inLanguage":"de","@id":"https:\/\/emhuisken.de\/wordpress\/#\/schema\/logo\/image\/","url":"https:\/\/emhuisken.de\/wordpress\/wp-content\/uploads\/2014\/10\/eh_logo_schatten_240x66-1.png","contentUrl":"https:\/\/emhuisken.de\/wordpress\/wp-content\/uploads\/2014\/10\/eh_logo_schatten_240x66-1.png","width":240,"height":66,"caption":"Musik \u2013 Wort \u2013 Geisteswissenschaft"},"image":{"@id":"https:\/\/emhuisken.de\/wordpress\/#\/schema\/logo\/image\/"}},{"@type":"Person","@id":"https:\/\/emhuisken.de\/wordpress\/#\/schema\/person\/d97bf7d74295f11fe6963296f0232ec3","name":"Stefan Carl Em Huisken","url":"https:\/\/emhuisken.de\/wordpress\/author\/shoeschen\/"}]}},"_links":{"self":[{"href":"https:\/\/emhuisken.de\/wordpress\/wp-json\/wp\/v2\/posts\/207","targetHints":{"allow":["GET"]}}],"collection":[{"href":"https:\/\/emhuisken.de\/wordpress\/wp-json\/wp\/v2\/posts"}],"about":[{"href":"https:\/\/emhuisken.de\/wordpress\/wp-json\/wp\/v2\/types\/post"}],"author":[{"embeddable":true,"href":"https:\/\/emhuisken.de\/wordpress\/wp-json\/wp\/v2\/users\/1"}],"replies":[{"embeddable":true,"href":"https:\/\/emhuisken.de\/wordpress\/wp-json\/wp\/v2\/comments?post=207"}],"version-history":[{"count":4,"href":"https:\/\/emhuisken.de\/wordpress\/wp-json\/wp\/v2\/posts\/207\/revisions"}],"predecessor-version":[{"id":2925,"href":"https:\/\/emhuisken.de\/wordpress\/wp-json\/wp\/v2\/posts\/207\/revisions\/2925"}],"wp:attachment":[{"href":"https:\/\/emhuisken.de\/wordpress\/wp-json\/wp\/v2\/media?parent=207"}],"wp:term":[{"taxonomy":"category","embeddable":true,"href":"https:\/\/emhuisken.de\/wordpress\/wp-json\/wp\/v2\/categories?post=207"},{"taxonomy":"post_tag","embeddable":true,"href":"https:\/\/emhuisken.de\/wordpress\/wp-json\/wp\/v2\/tags?post=207"}],"curies":[{"name":"wp","href":"https:\/\/api.w.org\/{rel}","templated":true}]}}