{"id":2018,"date":"2019-12-26T15:39:09","date_gmt":"2019-12-26T14:39:09","guid":{"rendered":"https:\/\/emhuisken.de\/wordpress\/?p=2018"},"modified":"2024-06-06T16:57:04","modified_gmt":"2024-06-06T15:57:04","slug":"cd-projekt-fraeiske-soang-bitte-um-unterstuetzung","status":"publish","type":"post","link":"https:\/\/emhuisken.de\/wordpress\/2019\/12\/cd-projekt-fraeiske-soang-bitte-um-unterstuetzung\/","title":{"rendered":"CD-Projekt &#8222;Em Huisken &#038; jank frison &#8211; Fr\u00e4iske Soang&#8220; &#8211; Bitte um Unterst\u00fctzung"},"content":{"rendered":"<div class=\"pdfprnt-buttons pdfprnt-buttons-post pdfprnt-top-right\"><a href=\"https:\/\/emhuisken.de\/wordpress\/wp-json\/wp\/v2\/posts\/2018?print=print\" class=\"pdfprnt-button pdfprnt-button-print\" target=\"_blank\" ><img decoding=\"async\" src=\"https:\/\/emhuisken.de\/wordpress\/wp-content\/plugins\/pdf-print\/images\/print.png\" alt=\"image_print\" title=\"Print Content\" \/><span class=\"pdfprnt-button-title pdfprnt-button-print-title\">F\u00fcr l\u00e4ngere Texte empfehle ich vorherigen Ausdruck<\/span><\/a><\/div>\n<h4 class=\"wp-block-heading\">Inhaltliches zum Projekt<\/h4>\n\n\n<div class=\"wp-block-image\">\n<figure class=\"alignleft size-large is-resized\"><img loading=\"lazy\" decoding=\"async\" width=\"1024\" height=\"768\" src=\"https:\/\/emhuisken.de\/wordpress\/wp-content\/uploads\/2018\/06\/jank_frison_3-1024x768.jpg\" alt=\"\" class=\"wp-image-1465\" style=\"width:127px;height:94px\" srcset=\"https:\/\/emhuisken.de\/wordpress\/wp-content\/uploads\/2018\/06\/jank_frison_3-1024x768.jpg 1024w, https:\/\/emhuisken.de\/wordpress\/wp-content\/uploads\/2018\/06\/jank_frison_3-200x150.jpg 200w, https:\/\/emhuisken.de\/wordpress\/wp-content\/uploads\/2018\/06\/jank_frison_3-300x225.jpg 300w, https:\/\/emhuisken.de\/wordpress\/wp-content\/uploads\/2018\/06\/jank_frison_3-768x576.jpg 768w, https:\/\/emhuisken.de\/wordpress\/wp-content\/uploads\/2018\/06\/jank_frison_3-600x450.jpg 600w, https:\/\/emhuisken.de\/wordpress\/wp-content\/uploads\/2018\/06\/jank_frison_3-1536x1152.jpg 1536w, https:\/\/emhuisken.de\/wordpress\/wp-content\/uploads\/2018\/06\/jank_frison_3-2048x1536.jpg 2048w, https:\/\/emhuisken.de\/wordpress\/wp-content\/uploads\/2018\/06\/jank_frison_3-373x280.jpg 373w, https:\/\/emhuisken.de\/wordpress\/wp-content\/uploads\/2018\/06\/jank_frison_3-507x380.jpg 507w\" sizes=\"auto, (max-width: 1024px) 100vw, 1024px\" \/><\/figure>\n<\/div>\n\n\n<p>Im entsprechenden Beitrag (<a href=\"https:\/\/emhuisken.de\/wordpress\/2019\/12\/jank-frison-plant-erste-cd-fraeiske-soang\/\" target=\"_blank\" rel=\"noreferrer noopener\">=> hier<\/a>) wurde das CD Projekt &#8222;Fr\u00e4iske Soang&#8220; mehr am Inhalt orientiert vorgestellt; weitere Informationen dazu werden folgen. Alle aktuellen inhaltlichen MItteilungen dazu gibt es <a label=\"=&gt;hier (opens in a new tab)\" href=\"https:\/\/emhuisken.de\/?s=fr\u00e4iske+soang\" target=\"_blank\" rel=\"noreferrer noopener\">=>hier<\/a>, am besten kann man sich f\u00fcr den elektronischen Rundbrief anmelden (siehe rechte Spalte).<\/p>\n\n\n\n<p>Wie dort bereits angedeutet: wenn es denn etwas Ordentliches werden soll, ist ein CD-Projekt eine teure Sache. Diese Frage ist hier das Thema.<br><\/p>\n\n\n\n<p><\/p>\n\n\n\n<h4 class=\"wp-block-heading\">Zusage der Realisierung<\/h4>\n\n\n\n<p>Vorab: ich mache das Projekt nicht, wie das heute h\u00e4ufig mit sogenannten &#8222;Crowdfunding&#8220;-Aktionen geschieht, von der finanziellen Unterst\u00fctzung durch Interessenten und F\u00f6rderer abh\u00e4ngig. Es wird realisiert, soweit nicht h\u00f6here Gewalt es verhindert. Das sage ich hiermit zu.<\/p>\n\n\n\n<h4 class=\"wp-block-heading\">Bitte um Unterst\u00fctzung<\/h4>\n\n\n<div class=\"wp-block-image\">\n<figure class=\"alignright size-large is-resized\"><img loading=\"lazy\" decoding=\"async\" width=\"402\" height=\"402\" src=\"https:\/\/emhuisken.de\/wordpress\/wp-content\/uploads\/2019\/10\/Em_Huisken_10.jpg\" alt=\"Em_Huisken_Vortrag\" class=\"wp-image-1929\" style=\"width:118px;height:118px\" srcset=\"https:\/\/emhuisken.de\/wordpress\/wp-content\/uploads\/2019\/10\/Em_Huisken_10.jpg 402w, https:\/\/emhuisken.de\/wordpress\/wp-content\/uploads\/2019\/10\/Em_Huisken_10-200x200.jpg 200w, https:\/\/emhuisken.de\/wordpress\/wp-content\/uploads\/2019\/10\/Em_Huisken_10-100x100.jpg 100w, https:\/\/emhuisken.de\/wordpress\/wp-content\/uploads\/2019\/10\/Em_Huisken_10-300x300.jpg 300w, https:\/\/emhuisken.de\/wordpress\/wp-content\/uploads\/2019\/10\/Em_Huisken_10-150x150.jpg 150w, https:\/\/emhuisken.de\/wordpress\/wp-content\/uploads\/2019\/10\/Em_Huisken_10-280x280.jpg 280w, https:\/\/emhuisken.de\/wordpress\/wp-content\/uploads\/2019\/10\/Em_Huisken_10-80x80.jpg 80w, https:\/\/emhuisken.de\/wordpress\/wp-content\/uploads\/2019\/10\/Em_Huisken_10-380x380.jpg 380w\" sizes=\"auto, (max-width: 402px) 100vw, 402px\" \/><\/figure>\n<\/div>\n\n\n<p>&#8222;jank frison&#8220; ist <em>mein <\/em>Projekt, das ich auf mein eigenes Risiko betreibe. Heike B\u00fcsing arbeitet aus freien St\u00fccken mit, und ohne ihre \u00e4u\u00dferst engagierte und stabile Mitarbeit (seit 2013) w\u00e4re dies CD-Projekt gar nicht m\u00f6glich geworden. Ihr Risiko beschr\u00e4nkt sich aber auf den Umfang ihrer Mitarbeit aufgrund der Absprachen, die wir miteinander treffen. Darum ist die Bitte um Unterst\u00fctzung an dieser Stelle ausschlie\u00dflich meine Sache.<\/p>\n\n\n\n<p>Die\nCD-Produktion\nist nur mit einem hohen Risiko f\u00fcr mich m\u00f6glich, das gegebenenfalls\nan die (wirtschaftliche) Existenz gehen kann. Von\nder k\u00fcnstlerischen Arbeit aus gesehen, ist die Gelegenheit aber\nda,\nund die will ich nicht ungenutzt lassen.\nEs ist meine freie Entscheidung, dieses Risiko einzugehen.<\/p>\n\n\n\n<p>Das nimmt mir aber ja nicht die M\u00f6glichkeit, an dieser Stelle um finanzielle Unterst\u00fctzung zu bitten. Jeder noch so kleine Betrag macht die Sache leichter. Wer etwas beitragen m\u00f6chte, sendet mir eine <a href=\"mailto:info@emhuisken.de\">=&gt;Mail<\/a> oder nimmt anderweitig mit mir Kontakt auf, und erh\u00e4lt dann von mir die Kontodaten und weitere Informationen.  <\/p>\n\n\n\n<p>Solche Unterst\u00fctzung sollte aber immer die Freiheit aller Beteiligten achten. Was ich darunter verstehe, lege ich im Folgenden dar. Wer Fragen dazu hat, kann sich sehr gerne an mich wenden.<\/p>\n\n\n\n<h4 class=\"wp-block-heading\">Freiheit und Unterst\u00fctzung<\/h4>\n\n\n\n<p>Das CD-Projekt &#8222;Fr\u00e4iske Soang&#8220; soll in echt friesischer Manier realisiert werden: unter Achtung der <a rel=\"noreferrer noopener\" aria-label=\"individuellen Freiheit (\u00f6ffnet in einem neuem Tab)\" href=\"https:\/\/emhuisken.de\/wordpress\/2019\/03\/freiheit-wovon-oder-wofuer\/\" target=\"_blank\">individuellen Freiheit<\/a> jedes Einzelnen, der sich irgendwie beteiligt. Das bezieht sich also sowohl auf mich als Initiator und Mitfinanzierer des Projektes, auf Heike B\u00fcsing als Mitmusikerin und ebenso auf jeden, der einen finanziellen Beitrag dazu beisteuern m\u00f6chte.<\/p>\n\n\n\n<p>Was bedeutet das konkret? Nun, an erster Stelle bedeutet es, dass ich aus meiner freien Entscheidung daf\u00fcr geradestehe, dass das Projekt realisiert wird, wenn nicht h\u00f6here Gewalt es verhindert. Dann bedeutet es auch, dass wir &#8211; das Duo &#8222;jank frison&#8220; &#8211; allein und aus freier Entscheidung festlegen, was und wie auf der CD zu h\u00f6ren sein wird.<\/p>\n\n\n\n<p>F\u00fcr jeden, der etwas zur Unterst\u00fctzung beitragen m\u00f6chte, bedeutet es aber auch Freiheit: ausdr\u00fccklich soll sich niemand irgendwie verpflichtet f\u00fchlen, diesen oder jenen Beitrag beizusteuern, damit das Projekt stattfinden kann.<\/p>\n\n\n\n<p>Das ist n\u00e4mlich eine Eigenart, die den heute vielfach \u00fcblichen &#8222;Crowdfunding&#8220;-Aktionen anhaftet. Es wird ein Finanzierungsziel angegeben, und die Realisierung des Projektes ist in der Regel von dem Erreichen dieses Zieles abh\u00e4ngig. Das kann (moralischen) Druck aus\u00fcben auf Menschen, die verhindern wollen, dass das unterst\u00fctzte Projekt scheitert. Und schlie\u00dflich \u00fcbt es (moralischen) Druck auf die Projektmitarbeiter aus, die Sache auch so zu gestalten, wie es die Unterst\u00fctzer (voraussichtlich) erwarten.<\/p>\n\n\n\n<p>Aus meiner Sicht hat das mit Freiheit nichts zu tun. Wirkliche Freiheit f\u00fcr k\u00fcnstlerisches Tun wird erst erm\u00f6glicht durch Schenkungen, die ohne Einflussm\u00f6glichkeit auf das Entstehende in freiem Vertrauen auf die Projektverantwortlichen gegeben werden. Auf die M\u00f6glichkeit solcher Schenkungen m\u00f6chte ich hiermit aufmerksam machen.<\/p>\n\n\n\n<p>Betr\u00e4ge, die in diesem Sinne beigesteuert werden (und &#8211; auch aus formalen Gr\u00fcnden &#8211; bei der Zuwendung ausdr\u00fccklich als <em>Schenkung<\/em> gekennzeichnet sind), helfen mir bei der Finanzierung, und dem Duo &#8222;jank frison&#8220; (Heike B\u00fcsing und ich) bei der k\u00fcnstlerischen Realisierung wirklich nachhaltig.<\/p>\n\n\n\n<p>Dann erst entsteht aus solchen Geldfl\u00fcssen wirkliche geistige Freiheit, aus der k\u00fcnstlerische und andere geistige Leistungen nachhaltig produktiv wirken k\u00f6nnen.<\/p>\n\n\n\n<h4 class=\"wp-block-heading\">Und wenn es nun doch nicht klappt?<\/h4>\n\n\n\n<p>Verzeihung, aber ein solcher Einwand steht dem freien Friesen nicht gut zu Gesicht.<\/p>\n\n\n\n<p><em>Entweder<\/em> m\u00f6chte der Fragende <em>doch ganz sicher<\/em> eine bestimmte Gegenleistung f\u00fcr sein Geld sehen, und also nicht schenken, sondern kaufen. Sorry, wir sind nicht k\u00e4uflich. Das Risiko seiner Schenkung tr\u00e4gt jeder Schenkende selbst, nicht wir.<\/p>\n\n\n\n<p><em>Oder<\/em> der Schenkende hat nicht das Vertrauen in mich\/uns, dass wir das M\u00f6glichste tun werden, oder dass wir die Sache \u00fcberhaupt k\u00f6nnen. Dann sollte er das Schenken lieber lassen.<\/p>\n\n\n\n<p><em>Oder<\/em> &#8211; auch das kann noch sein &#8211; der Schenkungswillige wei\u00df nicht genug \u00fcber uns oder unser Projekt, um sich wirklich frei entscheiden zu k\u00f6nnen. Nun, dann sollten wir Verbindung aufnehmen, um die offenen Fragen zu kl\u00e4ren.<\/p>\n\n\n\n<p>Ich lasse mich gerne belehren, wenn es noch andere Gr\u00fcnde f\u00fcr eine solche Frage geben sollte, die ich jetzt hier \u00fcbersehen habe. Dann h\u00f6re ich gerne davon. Lernen macht frei, und ich bin ein Freiheitsfan. Darum ja auch &#8222;Fr\u00e4iske Soang&#8220;.<\/p>\n\n\n\n<p>Eala frya Fresena!<\/p>\n","protected":false},"excerpt":{"rendered":"<p>F\u00fcr das CD-Projekt &#8222;Fr\u00e4iske Soang&#8220; des Duos jank frison w\u00e4re Unterst\u00fctzung hilfreich. Dies wird hier n\u00e4her erl\u00e4utert.<\/p>\n","protected":false},"author":1,"featured_media":1606,"comment_status":"open","ping_status":"closed","sticky":false,"template":"","format":"standard","meta":{"footnotes":""},"categories":[417],"tags":[190,274,180,276,301,147,315,273],"class_list":["post-2018","post","type-post","status-publish","format-standard","has-post-thumbnail","hentry","category-jankfrison","tag-cd","tag-fraeiske-soang","tag-freiheit","tag-friesisch","tag-friesische-musik","tag-jank-frison","tag-projekte","tag-unterstuetzung"],"yoast_head":"<!-- This site is optimized with the Yoast SEO plugin v27.4 - https:\/\/yoast.com\/product\/yoast-seo-wordpress\/ -->\n<title>CD-Projekt &quot;Fr\u00e4iske Soang&quot; - Bitte um Unterst\u00fctzung<\/title>\n<meta name=\"description\" content=\"F\u00fcr das CD-Projekt &quot;Fr\u00e4iske Soang&quot; des Duos jank frison w\u00e4re Unterst\u00fctzung hilfreich. Hier n\u00e4her erl\u00e4utert, auf welchen Wegen wirksam geholfen werden kann.\" \/>\n<meta name=\"robots\" content=\"index, follow, max-snippet:-1, max-image-preview:large, max-video-preview:-1\" \/>\n<link rel=\"canonical\" href=\"https:\/\/emhuisken.de\/wordpress\/2019\/12\/cd-projekt-fraeiske-soang-bitte-um-unterstuetzung\/\" \/>\n<meta property=\"og:locale\" content=\"de_DE\" \/>\n<meta property=\"og:type\" content=\"article\" \/>\n<meta property=\"og:title\" content=\"CD-Projekt &quot;Fr\u00e4iske Soang&quot; - Bitte um Unterst\u00fctzung\" \/>\n<meta property=\"og:description\" content=\"F\u00fcr das CD-Projekt &quot;Fr\u00e4iske Soang&quot; des Duos jank frison w\u00e4re Unterst\u00fctzung hilfreich. Hier n\u00e4her erl\u00e4utert, auf welchen Wegen wirksam geholfen werden kann.\" \/>\n<meta property=\"og:url\" content=\"https:\/\/emhuisken.de\/wordpress\/2019\/12\/cd-projekt-fraeiske-soang-bitte-um-unterstuetzung\/\" \/>\n<meta property=\"og:site_name\" content=\"Musik \u2013 Wort \u2013 Geisteswissenschaft\" \/>\n<meta property=\"article:published_time\" content=\"2019-12-26T14:39:09+00:00\" \/>\n<meta property=\"article:modified_time\" content=\"2024-06-06T15:57:04+00:00\" \/>\n<meta property=\"og:image\" content=\"https:\/\/emhuisken.de\/wordpress\/wp-content\/uploads\/2018\/11\/Slider_Musik.png\" \/>\n\t<meta property=\"og:image:width\" content=\"880\" \/>\n\t<meta property=\"og:image:height\" content=\"200\" \/>\n\t<meta property=\"og:image:type\" content=\"image\/png\" \/>\n<meta name=\"author\" content=\"Stefan Carl Em Huisken\" \/>\n<meta name=\"twitter:card\" content=\"summary_large_image\" \/>\n<meta name=\"twitter:label1\" content=\"Geschrieben von\" \/>\n\t<meta name=\"twitter:data1\" content=\"Stefan Carl Em Huisken\" \/>\n\t<meta name=\"twitter:label2\" content=\"Gesch\u00e4tzte Lesezeit\" \/>\n\t<meta name=\"twitter:data2\" content=\"5\u00a0Minuten\" \/>\n<script type=\"application\/ld+json\" class=\"yoast-schema-graph\">{\"@context\":\"https:\\\/\\\/schema.org\",\"@graph\":[{\"@type\":\"Article\",\"@id\":\"https:\\\/\\\/emhuisken.de\\\/wordpress\\\/2019\\\/12\\\/cd-projekt-fraeiske-soang-bitte-um-unterstuetzung\\\/#article\",\"isPartOf\":{\"@id\":\"https:\\\/\\\/emhuisken.de\\\/wordpress\\\/2019\\\/12\\\/cd-projekt-fraeiske-soang-bitte-um-unterstuetzung\\\/\"},\"author\":{\"name\":\"Stefan Carl Em Huisken\",\"@id\":\"https:\\\/\\\/emhuisken.de\\\/wordpress\\\/#\\\/schema\\\/person\\\/d97bf7d74295f11fe6963296f0232ec3\"},\"headline\":\"CD-Projekt &#8222;Em Huisken &#038; jank frison &#8211; Fr\u00e4iske Soang&#8220; &#8211; Bitte um Unterst\u00fctzung\",\"datePublished\":\"2019-12-26T14:39:09+00:00\",\"dateModified\":\"2024-06-06T15:57:04+00:00\",\"mainEntityOfPage\":{\"@id\":\"https:\\\/\\\/emhuisken.de\\\/wordpress\\\/2019\\\/12\\\/cd-projekt-fraeiske-soang-bitte-um-unterstuetzung\\\/\"},\"wordCount\":865,\"commentCount\":0,\"publisher\":{\"@id\":\"https:\\\/\\\/emhuisken.de\\\/wordpress\\\/#organization\"},\"image\":{\"@id\":\"https:\\\/\\\/emhuisken.de\\\/wordpress\\\/2019\\\/12\\\/cd-projekt-fraeiske-soang-bitte-um-unterstuetzung\\\/#primaryimage\"},\"thumbnailUrl\":\"https:\\\/\\\/emhuisken.de\\\/wordpress\\\/wp-content\\\/uploads\\\/2018\\\/11\\\/Slider_Musik.png\",\"keywords\":[\"CD\",\"Fr\u00e4iske Soang\",\"Freiheit\",\"friesisch\",\"friesische Musik\",\"jank frison\",\"Projekte\",\"Unterst\u00fctzung\"],\"articleSection\":[\"jank frison\"],\"inLanguage\":\"de\",\"potentialAction\":[{\"@type\":\"CommentAction\",\"name\":\"Comment\",\"target\":[\"https:\\\/\\\/emhuisken.de\\\/wordpress\\\/2019\\\/12\\\/cd-projekt-fraeiske-soang-bitte-um-unterstuetzung\\\/#respond\"]}]},{\"@type\":\"WebPage\",\"@id\":\"https:\\\/\\\/emhuisken.de\\\/wordpress\\\/2019\\\/12\\\/cd-projekt-fraeiske-soang-bitte-um-unterstuetzung\\\/\",\"url\":\"https:\\\/\\\/emhuisken.de\\\/wordpress\\\/2019\\\/12\\\/cd-projekt-fraeiske-soang-bitte-um-unterstuetzung\\\/\",\"name\":\"CD-Projekt \\\"Fr\u00e4iske Soang\\\" - Bitte um Unterst\u00fctzung\",\"isPartOf\":{\"@id\":\"https:\\\/\\\/emhuisken.de\\\/wordpress\\\/#website\"},\"primaryImageOfPage\":{\"@id\":\"https:\\\/\\\/emhuisken.de\\\/wordpress\\\/2019\\\/12\\\/cd-projekt-fraeiske-soang-bitte-um-unterstuetzung\\\/#primaryimage\"},\"image\":{\"@id\":\"https:\\\/\\\/emhuisken.de\\\/wordpress\\\/2019\\\/12\\\/cd-projekt-fraeiske-soang-bitte-um-unterstuetzung\\\/#primaryimage\"},\"thumbnailUrl\":\"https:\\\/\\\/emhuisken.de\\\/wordpress\\\/wp-content\\\/uploads\\\/2018\\\/11\\\/Slider_Musik.png\",\"datePublished\":\"2019-12-26T14:39:09+00:00\",\"dateModified\":\"2024-06-06T15:57:04+00:00\",\"description\":\"F\u00fcr das CD-Projekt \\\"Fr\u00e4iske Soang\\\" des Duos jank frison w\u00e4re Unterst\u00fctzung hilfreich. Hier n\u00e4her erl\u00e4utert, auf welchen Wegen wirksam geholfen werden kann.\",\"breadcrumb\":{\"@id\":\"https:\\\/\\\/emhuisken.de\\\/wordpress\\\/2019\\\/12\\\/cd-projekt-fraeiske-soang-bitte-um-unterstuetzung\\\/#breadcrumb\"},\"inLanguage\":\"de\",\"potentialAction\":[{\"@type\":\"ReadAction\",\"target\":[\"https:\\\/\\\/emhuisken.de\\\/wordpress\\\/2019\\\/12\\\/cd-projekt-fraeiske-soang-bitte-um-unterstuetzung\\\/\"]}]},{\"@type\":\"ImageObject\",\"inLanguage\":\"de\",\"@id\":\"https:\\\/\\\/emhuisken.de\\\/wordpress\\\/2019\\\/12\\\/cd-projekt-fraeiske-soang-bitte-um-unterstuetzung\\\/#primaryimage\",\"url\":\"https:\\\/\\\/emhuisken.de\\\/wordpress\\\/wp-content\\\/uploads\\\/2018\\\/11\\\/Slider_Musik.png\",\"contentUrl\":\"https:\\\/\\\/emhuisken.de\\\/wordpress\\\/wp-content\\\/uploads\\\/2018\\\/11\\\/Slider_Musik.png\",\"width\":880,\"height\":200},{\"@type\":\"BreadcrumbList\",\"@id\":\"https:\\\/\\\/emhuisken.de\\\/wordpress\\\/2019\\\/12\\\/cd-projekt-fraeiske-soang-bitte-um-unterstuetzung\\\/#breadcrumb\",\"itemListElement\":[{\"@type\":\"ListItem\",\"position\":1,\"name\":\"Home\",\"item\":\"https:\\\/\\\/emhuisken.de\\\/wordpress\\\/\"},{\"@type\":\"ListItem\",\"position\":2,\"name\":\"CD-Projekt &#8222;Em Huisken &#038; jank frison &#8211; Fr\u00e4iske Soang&#8220; &#8211; Bitte um Unterst\u00fctzung\"}]},{\"@type\":\"WebSite\",\"@id\":\"https:\\\/\\\/emhuisken.de\\\/wordpress\\\/#website\",\"url\":\"https:\\\/\\\/emhuisken.de\\\/wordpress\\\/\",\"name\":\"Musik \u2013 Wort \u2013 Geisteswissenschaft\",\"description\":\"Ton-, Wort-, Gedankenkunst\",\"publisher\":{\"@id\":\"https:\\\/\\\/emhuisken.de\\\/wordpress\\\/#organization\"},\"potentialAction\":[{\"@type\":\"SearchAction\",\"target\":{\"@type\":\"EntryPoint\",\"urlTemplate\":\"https:\\\/\\\/emhuisken.de\\\/wordpress\\\/?s={search_term_string}\"},\"query-input\":{\"@type\":\"PropertyValueSpecification\",\"valueRequired\":true,\"valueName\":\"search_term_string\"}}],\"inLanguage\":\"de\"},{\"@type\":\"Organization\",\"@id\":\"https:\\\/\\\/emhuisken.de\\\/wordpress\\\/#organization\",\"name\":\"Musik \u2013 Wort \u2013 Geisteswissenschaft\",\"url\":\"https:\\\/\\\/emhuisken.de\\\/wordpress\\\/\",\"logo\":{\"@type\":\"ImageObject\",\"inLanguage\":\"de\",\"@id\":\"https:\\\/\\\/emhuisken.de\\\/wordpress\\\/#\\\/schema\\\/logo\\\/image\\\/\",\"url\":\"https:\\\/\\\/emhuisken.de\\\/wordpress\\\/wp-content\\\/uploads\\\/2014\\\/10\\\/eh_logo_schatten_240x66-1.png\",\"contentUrl\":\"https:\\\/\\\/emhuisken.de\\\/wordpress\\\/wp-content\\\/uploads\\\/2014\\\/10\\\/eh_logo_schatten_240x66-1.png\",\"width\":240,\"height\":66,\"caption\":\"Musik \u2013 Wort \u2013 Geisteswissenschaft\"},\"image\":{\"@id\":\"https:\\\/\\\/emhuisken.de\\\/wordpress\\\/#\\\/schema\\\/logo\\\/image\\\/\"}},{\"@type\":\"Person\",\"@id\":\"https:\\\/\\\/emhuisken.de\\\/wordpress\\\/#\\\/schema\\\/person\\\/d97bf7d74295f11fe6963296f0232ec3\",\"name\":\"Stefan Carl Em Huisken\",\"url\":\"https:\\\/\\\/emhuisken.de\\\/wordpress\\\/author\\\/shoeschen\\\/\"}]}<\/script>\n<!-- \/ Yoast SEO plugin. -->","yoast_head_json":{"title":"CD-Projekt \"Fr\u00e4iske Soang\" - Bitte um Unterst\u00fctzung","description":"F\u00fcr das CD-Projekt \"Fr\u00e4iske Soang\" des Duos jank frison w\u00e4re Unterst\u00fctzung hilfreich. Hier n\u00e4her erl\u00e4utert, auf welchen Wegen wirksam geholfen werden kann.","robots":{"index":"index","follow":"follow","max-snippet":"max-snippet:-1","max-image-preview":"max-image-preview:large","max-video-preview":"max-video-preview:-1"},"canonical":"https:\/\/emhuisken.de\/wordpress\/2019\/12\/cd-projekt-fraeiske-soang-bitte-um-unterstuetzung\/","og_locale":"de_DE","og_type":"article","og_title":"CD-Projekt \"Fr\u00e4iske Soang\" - Bitte um Unterst\u00fctzung","og_description":"F\u00fcr das CD-Projekt \"Fr\u00e4iske Soang\" des Duos jank frison w\u00e4re Unterst\u00fctzung hilfreich. Hier n\u00e4her erl\u00e4utert, auf welchen Wegen wirksam geholfen werden kann.","og_url":"https:\/\/emhuisken.de\/wordpress\/2019\/12\/cd-projekt-fraeiske-soang-bitte-um-unterstuetzung\/","og_site_name":"Musik \u2013 Wort \u2013 Geisteswissenschaft","article_published_time":"2019-12-26T14:39:09+00:00","article_modified_time":"2024-06-06T15:57:04+00:00","og_image":[{"width":880,"height":200,"url":"https:\/\/emhuisken.de\/wordpress\/wp-content\/uploads\/2018\/11\/Slider_Musik.png","type":"image\/png"}],"author":"Stefan Carl Em Huisken","twitter_card":"summary_large_image","twitter_misc":{"Geschrieben von":"Stefan Carl Em Huisken","Gesch\u00e4tzte Lesezeit":"5\u00a0Minuten"},"schema":{"@context":"https:\/\/schema.org","@graph":[{"@type":"Article","@id":"https:\/\/emhuisken.de\/wordpress\/2019\/12\/cd-projekt-fraeiske-soang-bitte-um-unterstuetzung\/#article","isPartOf":{"@id":"https:\/\/emhuisken.de\/wordpress\/2019\/12\/cd-projekt-fraeiske-soang-bitte-um-unterstuetzung\/"},"author":{"name":"Stefan Carl Em Huisken","@id":"https:\/\/emhuisken.de\/wordpress\/#\/schema\/person\/d97bf7d74295f11fe6963296f0232ec3"},"headline":"CD-Projekt &#8222;Em Huisken &#038; jank frison &#8211; Fr\u00e4iske Soang&#8220; &#8211; Bitte um Unterst\u00fctzung","datePublished":"2019-12-26T14:39:09+00:00","dateModified":"2024-06-06T15:57:04+00:00","mainEntityOfPage":{"@id":"https:\/\/emhuisken.de\/wordpress\/2019\/12\/cd-projekt-fraeiske-soang-bitte-um-unterstuetzung\/"},"wordCount":865,"commentCount":0,"publisher":{"@id":"https:\/\/emhuisken.de\/wordpress\/#organization"},"image":{"@id":"https:\/\/emhuisken.de\/wordpress\/2019\/12\/cd-projekt-fraeiske-soang-bitte-um-unterstuetzung\/#primaryimage"},"thumbnailUrl":"https:\/\/emhuisken.de\/wordpress\/wp-content\/uploads\/2018\/11\/Slider_Musik.png","keywords":["CD","Fr\u00e4iske Soang","Freiheit","friesisch","friesische Musik","jank frison","Projekte","Unterst\u00fctzung"],"articleSection":["jank frison"],"inLanguage":"de","potentialAction":[{"@type":"CommentAction","name":"Comment","target":["https:\/\/emhuisken.de\/wordpress\/2019\/12\/cd-projekt-fraeiske-soang-bitte-um-unterstuetzung\/#respond"]}]},{"@type":"WebPage","@id":"https:\/\/emhuisken.de\/wordpress\/2019\/12\/cd-projekt-fraeiske-soang-bitte-um-unterstuetzung\/","url":"https:\/\/emhuisken.de\/wordpress\/2019\/12\/cd-projekt-fraeiske-soang-bitte-um-unterstuetzung\/","name":"CD-Projekt \"Fr\u00e4iske Soang\" - Bitte um Unterst\u00fctzung","isPartOf":{"@id":"https:\/\/emhuisken.de\/wordpress\/#website"},"primaryImageOfPage":{"@id":"https:\/\/emhuisken.de\/wordpress\/2019\/12\/cd-projekt-fraeiske-soang-bitte-um-unterstuetzung\/#primaryimage"},"image":{"@id":"https:\/\/emhuisken.de\/wordpress\/2019\/12\/cd-projekt-fraeiske-soang-bitte-um-unterstuetzung\/#primaryimage"},"thumbnailUrl":"https:\/\/emhuisken.de\/wordpress\/wp-content\/uploads\/2018\/11\/Slider_Musik.png","datePublished":"2019-12-26T14:39:09+00:00","dateModified":"2024-06-06T15:57:04+00:00","description":"F\u00fcr das CD-Projekt \"Fr\u00e4iske Soang\" des Duos jank frison w\u00e4re Unterst\u00fctzung hilfreich. Hier n\u00e4her erl\u00e4utert, auf welchen Wegen wirksam geholfen werden kann.","breadcrumb":{"@id":"https:\/\/emhuisken.de\/wordpress\/2019\/12\/cd-projekt-fraeiske-soang-bitte-um-unterstuetzung\/#breadcrumb"},"inLanguage":"de","potentialAction":[{"@type":"ReadAction","target":["https:\/\/emhuisken.de\/wordpress\/2019\/12\/cd-projekt-fraeiske-soang-bitte-um-unterstuetzung\/"]}]},{"@type":"ImageObject","inLanguage":"de","@id":"https:\/\/emhuisken.de\/wordpress\/2019\/12\/cd-projekt-fraeiske-soang-bitte-um-unterstuetzung\/#primaryimage","url":"https:\/\/emhuisken.de\/wordpress\/wp-content\/uploads\/2018\/11\/Slider_Musik.png","contentUrl":"https:\/\/emhuisken.de\/wordpress\/wp-content\/uploads\/2018\/11\/Slider_Musik.png","width":880,"height":200},{"@type":"BreadcrumbList","@id":"https:\/\/emhuisken.de\/wordpress\/2019\/12\/cd-projekt-fraeiske-soang-bitte-um-unterstuetzung\/#breadcrumb","itemListElement":[{"@type":"ListItem","position":1,"name":"Home","item":"https:\/\/emhuisken.de\/wordpress\/"},{"@type":"ListItem","position":2,"name":"CD-Projekt &#8222;Em Huisken &#038; jank frison &#8211; Fr\u00e4iske Soang&#8220; &#8211; Bitte um Unterst\u00fctzung"}]},{"@type":"WebSite","@id":"https:\/\/emhuisken.de\/wordpress\/#website","url":"https:\/\/emhuisken.de\/wordpress\/","name":"Musik \u2013 Wort \u2013 Geisteswissenschaft","description":"Ton-, Wort-, Gedankenkunst","publisher":{"@id":"https:\/\/emhuisken.de\/wordpress\/#organization"},"potentialAction":[{"@type":"SearchAction","target":{"@type":"EntryPoint","urlTemplate":"https:\/\/emhuisken.de\/wordpress\/?s={search_term_string}"},"query-input":{"@type":"PropertyValueSpecification","valueRequired":true,"valueName":"search_term_string"}}],"inLanguage":"de"},{"@type":"Organization","@id":"https:\/\/emhuisken.de\/wordpress\/#organization","name":"Musik \u2013 Wort \u2013 Geisteswissenschaft","url":"https:\/\/emhuisken.de\/wordpress\/","logo":{"@type":"ImageObject","inLanguage":"de","@id":"https:\/\/emhuisken.de\/wordpress\/#\/schema\/logo\/image\/","url":"https:\/\/emhuisken.de\/wordpress\/wp-content\/uploads\/2014\/10\/eh_logo_schatten_240x66-1.png","contentUrl":"https:\/\/emhuisken.de\/wordpress\/wp-content\/uploads\/2014\/10\/eh_logo_schatten_240x66-1.png","width":240,"height":66,"caption":"Musik \u2013 Wort \u2013 Geisteswissenschaft"},"image":{"@id":"https:\/\/emhuisken.de\/wordpress\/#\/schema\/logo\/image\/"}},{"@type":"Person","@id":"https:\/\/emhuisken.de\/wordpress\/#\/schema\/person\/d97bf7d74295f11fe6963296f0232ec3","name":"Stefan Carl Em Huisken","url":"https:\/\/emhuisken.de\/wordpress\/author\/shoeschen\/"}]}},"_links":{"self":[{"href":"https:\/\/emhuisken.de\/wordpress\/wp-json\/wp\/v2\/posts\/2018","targetHints":{"allow":["GET"]}}],"collection":[{"href":"https:\/\/emhuisken.de\/wordpress\/wp-json\/wp\/v2\/posts"}],"about":[{"href":"https:\/\/emhuisken.de\/wordpress\/wp-json\/wp\/v2\/types\/post"}],"author":[{"embeddable":true,"href":"https:\/\/emhuisken.de\/wordpress\/wp-json\/wp\/v2\/users\/1"}],"replies":[{"embeddable":true,"href":"https:\/\/emhuisken.de\/wordpress\/wp-json\/wp\/v2\/comments?post=2018"}],"version-history":[{"count":17,"href":"https:\/\/emhuisken.de\/wordpress\/wp-json\/wp\/v2\/posts\/2018\/revisions"}],"predecessor-version":[{"id":4393,"href":"https:\/\/emhuisken.de\/wordpress\/wp-json\/wp\/v2\/posts\/2018\/revisions\/4393"}],"wp:featuredmedia":[{"embeddable":true,"href":"https:\/\/emhuisken.de\/wordpress\/wp-json\/wp\/v2\/media\/1606"}],"wp:attachment":[{"href":"https:\/\/emhuisken.de\/wordpress\/wp-json\/wp\/v2\/media?parent=2018"}],"wp:term":[{"taxonomy":"category","embeddable":true,"href":"https:\/\/emhuisken.de\/wordpress\/wp-json\/wp\/v2\/categories?post=2018"},{"taxonomy":"post_tag","embeddable":true,"href":"https:\/\/emhuisken.de\/wordpress\/wp-json\/wp\/v2\/tags?post=2018"}],"curies":[{"name":"wp","href":"https:\/\/api.w.org\/{rel}","templated":true}]}}