{"id":1864,"date":"2019-07-22T14:58:11","date_gmt":"2019-07-22T13:58:11","guid":{"rendered":"https:\/\/emhuisken.de\/wordpress\/?p=1864"},"modified":"2023-07-06T19:11:33","modified_gmt":"2023-07-06T18:11:33","slug":"friesische-kultur-heute","status":"publish","type":"post","link":"https:\/\/emhuisken.de\/wordpress\/2019\/07\/friesische-kultur-heute\/","title":{"rendered":"Friesische Kultur heute"},"content":{"rendered":"<div class=\"pdfprnt-buttons pdfprnt-buttons-post pdfprnt-top-right\"><a href=\"https:\/\/emhuisken.de\/wordpress\/wp-json\/wp\/v2\/posts\/1864?print=print\" class=\"pdfprnt-button pdfprnt-button-print\" target=\"_blank\" ><img decoding=\"async\" src=\"https:\/\/emhuisken.de\/wordpress\/wp-content\/plugins\/pdf-print\/images\/print.png\" alt=\"image_print\" title=\"Print Content\" \/><span class=\"pdfprnt-button-title pdfprnt-button-print-title\">F\u00fcr l\u00e4ngere Texte empfehle ich vorherigen Ausdruck<\/span><\/a><\/div>\n<h4 class=\"wp-block-heading\"><strong>Natur und Kultur stehen polar zueinander<\/strong><\/h4>\n\n\n\n<p>Als Kultur wird in der Regel die Gesamtheit der durch den Menschen gestalteten Dinge, Verh\u00e4ltnisse, Abl\u00e4ufe und Zielbestimmungen bezeichnet (mithin also die Gesamtheit der \u00c4u\u00dferungen menschlichen Geistes), in Abgrenzung zur nicht vom Menschen beeinflussten Natur. Was aus Natur entsteht, kommt also ohne den Menschen aus; was vom Menschen als Kultur geschaffen wird, muss nicht notwendig die Natur ber\u00fccksichtigen &#8211; wie wir heute ja plastisch erleben. So weit, so klar.<\/p>\n\n\n\n<p>Kompliziert wird die Sache dadurch, dass der Mensch und seine Gestaltungsm\u00f6glichkeit zweifelsohne als auf nat\u00fcrlichem Wege entstanden angesehen werden kann, mithin der Kulturtr\u00e4ger Mensch auch Angeh\u00f6riger der Natur ist. Er hat nur eine besondere Eigenschaft &#8211; naturgegeben, sozusagen &#8211; die ihn von allen anderen &#8222;Naturprodukten&#8220; unterscheidet: er kann \u00fcber die naturgegebenen Verh\u00e4ltnisse hinausgehen, die Grenzen sprengen, kurz: er kann frei handeln.<\/p>\n\n\n\n<p>Und: was f\u00fcr <em>einen konkreten<\/em> Menschen als Natur erscheint, kann ohne Weiteres l\u00e4ngst umgestaltete, also denaturierte Lebenswelt sein, also l\u00e4ngst &#8211; kultiviert. Die abstrakte, ideelle und damit so angenehm klare Unterscheidung von &#8222;Kultur&#8220; und &#8222;Natur&#8220; bietet also in der Wirklichkeit allerlei T\u00fccken.<\/p>\n\n\n\n<h4 class=\"wp-block-heading\"><strong>Natur und Kultur sind in\nEntwicklung<\/strong><\/h4>\n\n\n\n<p>Kultur hat insofern immer drei Aspekte: einen vergangenen (welche materiellen oder ideellen Kulturg\u00fcter sind schon da?), einen gegenw\u00e4rtigen (handeln die gegenw\u00e4rtigen Menschen \u00fcberwiegend gestaltend &#8211; also kulturschaffend &#8211; oder bewahrend, also aus den gegebenen Natur- und Kulturanlagen heraus?), und einen zuk\u00fcnftigen (was streben die Menschen durch ihre Taten an?). In dieser dreif\u00e4ltigen Erscheinungsweise wird Kultur konkret geschichtlich fassbar. Was zu einer Zeit dem kultivierenden Tun der Menschen unterworfen wurde, erscheint sp\u00e4ter als &#8211; gleichsam &#8211; nat\u00fcrliche Anlage, als gegeben. Die freien Gestaltungsimpulse der Menschen werden also peu a peu, im Fortschreiten der Menschheit als Gesamtes den Naturgegebenheiten eingef\u00fcgt.<\/p>\n\n\n\n<p>Das ist auch der Grund, warum von &#8222;reiner Natur&#8220; heutzutageeigentlich gar nicht mehr gesprochen werden kann. DieNaturverh\u00e4ltnisse sind als Ganzes und in sehr vielen Einzelheiten l\u00e4ngst von menschlicher Kultur ver\u00e4ndert. Die wirklich &#8222;unber\u00fchrte Natur&#8220; existiert insofern nicht mehr. Die sogenannten &#8222;Antworten der Natur&#8220; auf die Eingriffe der Menschen d\u00fcrften ebenso bereits diese Signatur tragen.<\/p>\n\n\n\n<h4 class=\"wp-block-heading\"><strong>Freiheit ist Risiko und\n\u00fcberzeitlich<\/strong><\/h4>\n\n\n\n<p>Das kultivierende Handeln der Menschen ist, insofern es seinem freien Gestalten und nicht instinkthaftem Ausleben gegebener, &#8222;nat\u00fcrlicher&#8220; Anlagen entspringt, immer mit hohem Risiko behaftet. Freiheit besteht n\u00e4mlich gerade darin, \u00fcber das (&#8222;nat\u00fcrlich&#8220;) Gegebene hinausgehen zu k\u00f6nnen, dessen Grenzen zu sprengen und damit Neues zu schaffen. Wer dies tut, l\u00e4dt die Verantwortung f\u00fcr die Folgen auf seine eigenen Schultern. Vielleicht liegt darin ein Grund daf\u00fcr, dass so viele Menschen sich nach Autorit\u00e4ten sehnen, die ihnen sagen, was &#8222;richtig&#8220; und &#8222;falsch&#8220; ist? Wollen die Menschen lieber unfrei sein &#8211; also auch die Verantwortung nicht tragen, sozusagen &#8222;verantwortungslos&#8220; bleiben? Aber man vergesse nicht: auch die Entscheidung f\u00fcr Autorit\u00e4t und gegen Verantwortung f\u00e4llt der Mensch selber.<\/p>\n\n\n\n<p><a href=\"https:\/\/emhuisken.de\/wordpress\/2019\/03\/freiheit-wovon-oder-wofuer\/\">Freiheit<\/a> fordert immer den Mut zur Verantwortung, den Mut auch, trotz Einsicht in die eigene Unvollkommenheit sich selbst die Leitlinien des Handelns zu geben, und dann auch die St\u00e4rke, die Folgen zu tragen. Das kann nur gelingen, wenn die Einsicht in die eigene Unvollkommenheit den Respekt vor den Werken der Altvorderen genauso einschlie\u00dft wie die Achtung der freien Tat des Mitmenschen.<\/p>\n\n\n\n<p>Verliert der Freie den Respekt vor den Werken seiner Vorfahren, kann sein Handeln zu blinder Willk\u00fcr f\u00fchren; fehlt die Achtung vor dem anderen Freien, wird aus dem Ringen um das Beste f\u00fcr alle der Kampf um die Macht. Jede Macht schafft aber auf der anderen, &#8222;ohnm\u00e4chtigen&#8220; Seite Unfreiheit, jede Willk\u00fcr hier schafft dort neues Getriebensein. Freiheit ist daher immer auch Risiko und in Gefahr, sich selbst zu zerst\u00f6ren.<\/p>\n\n\n\n<p>Eine Kultur der Freiheit muss darum &#8211; will sie Bestand haben &#8211; alle drei Aspekte einschlie\u00dfen: den vergangenen, den gegenw\u00e4rtigen und den zuk\u00fcnftigen. Konkret also den Respekt vor der Tradition der Freiheit, die Achtung vor dem anderen Freien im aktuellen Zusammenwirken und schlie\u00dflich den Mut, die Folgen des so Errungenen auch zu tragen. Eine Kultur der Freiheit ist dann zeitlos, \u00fcberzeitlich, eben frei &#8211; auch frei von der Zeitgebundenheit.<\/p>\n\n\n\n<h4 class=\"wp-block-heading\"><strong>Friesische Freiheit ist\nAusdruck eines Ideals<\/strong><\/h4>\n\n\n\n<p>Die friesische Kultur der Freiheit, die sogenannte &#8222;Friesische Freiheit&#8220; bildet einen der herausragendsten Inhalte friesischer \u00dcberlieferung (siehe <a href=\"https:\/\/emhuisken.de\/wordpress\/2017\/08\/wer-ist-friese\/\">=&gt; hier<\/a>). Sie bestand in einer Organisation des gesellschaftlichen Lebens, die  &#8211; entsprechend den M\u00f6glichkeiten der damaligen Zeit &#8211; der Realisierung individueller Freiheit einen f\u00f6rderlichen Rahmen bieten sollte und konnte. Das freie Zusammenwirken selbst\u00e4ndiger Landgemeinden, in dem Subsidiarit\u00e4t und freie Zusammenarbeit auf Augenh\u00f6he grundlegend waren, bot ein Gegenbild zum damals (und bis heute?) ansonsten vorherrschenden Kult von gottgleichem F\u00fchrertum (Expertentum, Priestertum, Politikertum &#8230;), Untertanenwesen und hierarchischer Weisung.<\/p>\n\n\n<div class=\"wp-block-image\">\n<figure class=\"alignright is-resized\"><img loading=\"lazy\" decoding=\"async\" src=\"https:\/\/emhuisken.de\/wordpress\/wp-content\/uploads\/2019\/06\/upstalsboom.jpg\" alt=\"Upstalboom - Denkmal f\u00fcr Friesische Kultur\" class=\"wp-image-1851\" width=\"245\" height=\"163\" srcset=\"https:\/\/emhuisken.de\/wordpress\/wp-content\/uploads\/2019\/06\/upstalsboom.jpg 720w, https:\/\/emhuisken.de\/wordpress\/wp-content\/uploads\/2019\/06\/upstalsboom-200x133.jpg 200w, https:\/\/emhuisken.de\/wordpress\/wp-content\/uploads\/2019\/06\/upstalsboom-300x200.jpg 300w, https:\/\/emhuisken.de\/wordpress\/wp-content\/uploads\/2019\/06\/upstalsboom-600x400.jpg 600w, https:\/\/emhuisken.de\/wordpress\/wp-content\/uploads\/2019\/06\/upstalsboom-400x267.jpg 400w, https:\/\/emhuisken.de\/wordpress\/wp-content\/uploads\/2019\/06\/upstalsboom-90x60.jpg 90w, https:\/\/emhuisken.de\/wordpress\/wp-content\/uploads\/2019\/06\/upstalsboom-570x380.jpg 570w\" sizes=\"auto, (max-width: 245px) 100vw, 245px\" \/><\/figure>\n<\/div>\n\n\n<p>Bis in die Formulierungen der friesischen Rechtssatzungen ist das sp\u00fcrbar: &#8222;Dies sind die \u00dcberk\u00fcren aller Friesen. Erstens, dass sie einmal im Jahre am Dienstag in der Pfingstwoche zu Upstalsboom zusammenk\u00e4men und dass man dort alle Rechte bespr\u00e4che, die die Friesen halten sollten. Wenn irgendjemand ein besseres (Recht) w\u00fcsste, sollte man das weniger richtige aufgeben und das bessere befolgen.&#8220; (Emsiger Recht)<\/p>\n\n\n\n<p>Es sind dies &#8222;K\u00fcren&#8220;, dem Wortsinne nach also selbstgew\u00e4hltes (erkorenes) Recht. Und es spricht von Gleichheit im freien Wettstreit um das Bessere (&#8222;Wenn irgendjemand &#8230;&#8220;). Solche Formulierungen machen deutlich, warum diese Art friesisches Recht alle Aspekte einer Freiheitskultur beinhaltet:<\/p>\n\n\n\n<ul class=\"wp-block-list\">\n<li>den\tRespekt vor den Leistungen der Vorfahren, die dieses Recht errichteten;<\/li>\n\n\n\n<li>die\tAchtung vor dem Anderen, der zur Verbesserung f\u00fcr alle beitragen kann;<\/li>\n\n\n\n<li>dem\tMut, die Folgen der eigenen Setzungen auch zu tragen (&#8222;&#8230; das bessere befolgen&#8220;).<\/li>\n<\/ul>\n\n\n\n<p>Die friesische Kultur, so, wie sie sich in der Vergangenheit realisieren konnte, trug also die Charakteristika \u00fcberzeitlicher Freiheitskultur in sich.<\/p>\n\n\n\n<h4 class=\"wp-block-heading\"><strong>Friesische Kultur tut heute\nNot<\/strong><\/h4>\n\n\n\n<p>Wir Heutige blicken &#8211; oft erstaunt, ehrfurchtsvoll, manchmal begeistert &#8211; zur\u00fcck auf Dokumente einer Zeit, die \u00e4u\u00dferlich viel mehr von den unmittelbaren, naturgegebenen Lebensnotwendigkeiten gepr\u00e4gt und damit unfreier erscheinen kann als unsere heutige. Gewiss, wir haben uns von vielen \u00e4u\u00dferen Naturpr\u00e4gungen sehr weit emanzipiert &#8211; aber mit welchen &#8222;Nebenwirkungen&#8220;?<\/p>\n\n\n\n<p>Haben wir denn Respekt vor den Werken der Altvorderen? Wenn wir das etwas weiter fassen wollen: haben wir Respekt vor der Sch\u00f6pfung, die unsere Altvorderen und deren Werke aus unserer heutigen Sicht ja einschlie\u00dfen muss? Haben wir Achtung vor dem Anderen, der in freiem Wettstreit um das Beste seinen Beitrag zur Entwicklung von Erde und Menschheit bringen will? Oder, konkreter gefasst: was gilt uns die Sichtweise des Anderen &#8211; ist sie uns Anregung bei der Suche nach dem Besten, oder wird sie zum Gegenstand von Marketingma\u00dfnahmen, Desinformation und L\u00fcgen, zum Zwecke ihrer Beseitigung, damit die eigene Machtaus\u00fcbung nicht behindert wird? Und schlie\u00dflich: wie ist das mit Freiheit und Verantwortung &#8211; oder Autorit\u00e4tsh\u00f6rigkeit und Verantwortungslosigkeit?<\/p>\n\n\n\n<p>Friesische Kultur heute, erfasst als \u00fcberzeitlicher, ideeller Kulturkern, kann daher im ehrenden R\u00fcckblick auf die Werke der Ahnen (friesisches Recht und die dazugeh\u00f6rige Gesellschaftsorganisation), in Achtung vor dem anderen Freien (der auch aus seiner Freiheit heraus &#8211; Unfreiheit w\u00e4hlen kann!), und im vollen Mut und Vertrauen auf die St\u00e4rke des eigenen Kulturimpulses (St\u00e4rke &#8211; nicht Macht und Gewalt!) stolz und aufrecht einen sehr, sehr notwendigen Beitrag zur Gestaltung der Zukunft liefern. Soll die Zukunft nicht nur aus der Verwahrlosung einstmals gro\u00dfer Leistungen der Menschheit bestehen, braucht sie solche freien und mutvollen Beitr\u00e4ge.<\/p>\n\n\n\n<p>Nur dann kann die Zukunft wirklich <em>Kultur<\/em> haben, d.h. aus menschlichem Geist\nGestaltetes. Die Alternative w\u00e4re, es darauf ankommen zu lassen, ob die Natur nach dem W\u00fcten menschlicher Willk\u00fcr noch die Kraft hat, die dann verbleibenden Reste menschlicher Kultur nach und nach zu assimilieren, aufzul\u00f6sen, zu vernichten. Aber da w\u00e4ren die Menschen dann nicht mehr dabei. Eine Entwicklungschance f\u00fcr Mensch und Natur w\u00e4re dann vergeben.<\/p>\n\n\n\n<p>St\u00e4rken wir darum die friesische Kultur, und vertreten sie mutvoll in die Zukunft hinein.<\/p>\n\n\n\n<p>Eala frya Fresena!<\/p>\n\n\n\n<p>\u00a9\nStefan Carl em Huisken 2019<\/p>\n","protected":false},"excerpt":{"rendered":"<p>Sonntagsgedanken &#8211; wieder einmal vom Sonntag. Es geht um zwei meiner Lieblingsthemen: Freiheit und Friesen<\/p>\n","protected":false},"author":1,"featured_media":869,"comment_status":"open","ping_status":"closed","sticky":false,"template":"","format":"standard","meta":{"footnotes":""},"categories":[267],"tags":[203,180,216,329,255,254,316],"class_list":["post-1864","post","type-post","status-publish","format-standard","has-post-thumbnail","hentry","category-geisteswissenschaft","tag-entwicklung","tag-freiheit","tag-friesen","tag-kommentare","tag-kultur","tag-sonntagsgedanken","tag-texte"],"yoast_head":"<!-- This site is optimized with the Yoast SEO plugin v27.4 - https:\/\/yoast.com\/product\/yoast-seo-wordpress\/ -->\n<title>Friesische Kultur heute - Musik \u2013 Wort \u2013 Geisteswissenschaft<\/title>\n<meta name=\"description\" content=\"Friesische Kultur ist \u00fcberzeitlich. Als Kultur der Freiheit ist ihr Beitrag heute n\u00f6tiger denn je. &quot;Sonntagsgedanken&quot; zum Thema.\" \/>\n<meta name=\"robots\" content=\"index, follow, max-snippet:-1, max-image-preview:large, max-video-preview:-1\" \/>\n<link rel=\"canonical\" href=\"https:\/\/emhuisken.de\/wordpress\/2019\/07\/friesische-kultur-heute\/\" \/>\n<meta property=\"og:locale\" content=\"de_DE\" \/>\n<meta property=\"og:type\" content=\"article\" \/>\n<meta property=\"og:title\" content=\"Friesische Kultur heute - Musik \u2013 Wort \u2013 Geisteswissenschaft\" \/>\n<meta property=\"og:description\" content=\"Friesische Kultur ist \u00fcberzeitlich. Als Kultur der Freiheit ist ihr Beitrag heute n\u00f6tiger denn je. &quot;Sonntagsgedanken&quot; zum Thema.\" \/>\n<meta property=\"og:url\" content=\"https:\/\/emhuisken.de\/wordpress\/2019\/07\/friesische-kultur-heute\/\" \/>\n<meta property=\"og:site_name\" content=\"Musik \u2013 Wort \u2013 Geisteswissenschaft\" \/>\n<meta property=\"article:published_time\" content=\"2019-07-22T13:58:11+00:00\" \/>\n<meta property=\"article:modified_time\" content=\"2023-07-06T18:11:33+00:00\" \/>\n<meta property=\"og:image\" content=\"https:\/\/emhuisken.de\/wordpress\/wp-content\/uploads\/2017\/07\/Slider_Sonntagsgedanken.png\" \/>\n\t<meta property=\"og:image:width\" content=\"880\" \/>\n\t<meta property=\"og:image:height\" content=\"200\" \/>\n\t<meta property=\"og:image:type\" content=\"image\/png\" \/>\n<meta name=\"author\" content=\"Stefan Carl Em Huisken\" \/>\n<meta name=\"twitter:card\" content=\"summary_large_image\" \/>\n<meta name=\"twitter:label1\" content=\"Geschrieben von\" \/>\n\t<meta name=\"twitter:data1\" content=\"Stefan Carl Em Huisken\" \/>\n\t<meta name=\"twitter:label2\" content=\"Gesch\u00e4tzte Lesezeit\" \/>\n\t<meta name=\"twitter:data2\" content=\"8\u00a0Minuten\" \/>\n<script type=\"application\/ld+json\" class=\"yoast-schema-graph\">{\"@context\":\"https:\\\/\\\/schema.org\",\"@graph\":[{\"@type\":\"Article\",\"@id\":\"https:\\\/\\\/emhuisken.de\\\/wordpress\\\/2019\\\/07\\\/friesische-kultur-heute\\\/#article\",\"isPartOf\":{\"@id\":\"https:\\\/\\\/emhuisken.de\\\/wordpress\\\/2019\\\/07\\\/friesische-kultur-heute\\\/\"},\"author\":{\"name\":\"Stefan Carl Em Huisken\",\"@id\":\"https:\\\/\\\/emhuisken.de\\\/wordpress\\\/#\\\/schema\\\/person\\\/d97bf7d74295f11fe6963296f0232ec3\"},\"headline\":\"Friesische Kultur heute\",\"datePublished\":\"2019-07-22T13:58:11+00:00\",\"dateModified\":\"2023-07-06T18:11:33+00:00\",\"mainEntityOfPage\":{\"@id\":\"https:\\\/\\\/emhuisken.de\\\/wordpress\\\/2019\\\/07\\\/friesische-kultur-heute\\\/\"},\"wordCount\":1335,\"commentCount\":0,\"publisher\":{\"@id\":\"https:\\\/\\\/emhuisken.de\\\/wordpress\\\/#organization\"},\"image\":{\"@id\":\"https:\\\/\\\/emhuisken.de\\\/wordpress\\\/2019\\\/07\\\/friesische-kultur-heute\\\/#primaryimage\"},\"thumbnailUrl\":\"https:\\\/\\\/emhuisken.de\\\/wordpress\\\/wp-content\\\/uploads\\\/2017\\\/07\\\/Slider_Sonntagsgedanken.png\",\"keywords\":[\"Entwicklung\",\"Freiheit\",\"Friesen\",\"Kommentare\",\"Kultur\",\"Sonntagsgedanken\",\"Texte\"],\"articleSection\":[\"Geisteswissenschaft\"],\"inLanguage\":\"de\",\"potentialAction\":[{\"@type\":\"CommentAction\",\"name\":\"Comment\",\"target\":[\"https:\\\/\\\/emhuisken.de\\\/wordpress\\\/2019\\\/07\\\/friesische-kultur-heute\\\/#respond\"]}]},{\"@type\":\"WebPage\",\"@id\":\"https:\\\/\\\/emhuisken.de\\\/wordpress\\\/2019\\\/07\\\/friesische-kultur-heute\\\/\",\"url\":\"https:\\\/\\\/emhuisken.de\\\/wordpress\\\/2019\\\/07\\\/friesische-kultur-heute\\\/\",\"name\":\"Friesische Kultur heute - Musik \u2013 Wort \u2013 Geisteswissenschaft\",\"isPartOf\":{\"@id\":\"https:\\\/\\\/emhuisken.de\\\/wordpress\\\/#website\"},\"primaryImageOfPage\":{\"@id\":\"https:\\\/\\\/emhuisken.de\\\/wordpress\\\/2019\\\/07\\\/friesische-kultur-heute\\\/#primaryimage\"},\"image\":{\"@id\":\"https:\\\/\\\/emhuisken.de\\\/wordpress\\\/2019\\\/07\\\/friesische-kultur-heute\\\/#primaryimage\"},\"thumbnailUrl\":\"https:\\\/\\\/emhuisken.de\\\/wordpress\\\/wp-content\\\/uploads\\\/2017\\\/07\\\/Slider_Sonntagsgedanken.png\",\"datePublished\":\"2019-07-22T13:58:11+00:00\",\"dateModified\":\"2023-07-06T18:11:33+00:00\",\"description\":\"Friesische Kultur ist \u00fcberzeitlich. Als Kultur der Freiheit ist ihr Beitrag heute n\u00f6tiger denn je. \\\"Sonntagsgedanken\\\" zum Thema.\",\"breadcrumb\":{\"@id\":\"https:\\\/\\\/emhuisken.de\\\/wordpress\\\/2019\\\/07\\\/friesische-kultur-heute\\\/#breadcrumb\"},\"inLanguage\":\"de\",\"potentialAction\":[{\"@type\":\"ReadAction\",\"target\":[\"https:\\\/\\\/emhuisken.de\\\/wordpress\\\/2019\\\/07\\\/friesische-kultur-heute\\\/\"]}]},{\"@type\":\"ImageObject\",\"inLanguage\":\"de\",\"@id\":\"https:\\\/\\\/emhuisken.de\\\/wordpress\\\/2019\\\/07\\\/friesische-kultur-heute\\\/#primaryimage\",\"url\":\"https:\\\/\\\/emhuisken.de\\\/wordpress\\\/wp-content\\\/uploads\\\/2017\\\/07\\\/Slider_Sonntagsgedanken.png\",\"contentUrl\":\"https:\\\/\\\/emhuisken.de\\\/wordpress\\\/wp-content\\\/uploads\\\/2017\\\/07\\\/Slider_Sonntagsgedanken.png\",\"width\":880,\"height\":200},{\"@type\":\"BreadcrumbList\",\"@id\":\"https:\\\/\\\/emhuisken.de\\\/wordpress\\\/2019\\\/07\\\/friesische-kultur-heute\\\/#breadcrumb\",\"itemListElement\":[{\"@type\":\"ListItem\",\"position\":1,\"name\":\"Home\",\"item\":\"https:\\\/\\\/emhuisken.de\\\/wordpress\\\/\"},{\"@type\":\"ListItem\",\"position\":2,\"name\":\"Friesische Kultur heute\"}]},{\"@type\":\"WebSite\",\"@id\":\"https:\\\/\\\/emhuisken.de\\\/wordpress\\\/#website\",\"url\":\"https:\\\/\\\/emhuisken.de\\\/wordpress\\\/\",\"name\":\"Musik \u2013 Wort \u2013 Geisteswissenschaft\",\"description\":\"Ton-, Wort-, Gedankenkunst\",\"publisher\":{\"@id\":\"https:\\\/\\\/emhuisken.de\\\/wordpress\\\/#organization\"},\"potentialAction\":[{\"@type\":\"SearchAction\",\"target\":{\"@type\":\"EntryPoint\",\"urlTemplate\":\"https:\\\/\\\/emhuisken.de\\\/wordpress\\\/?s={search_term_string}\"},\"query-input\":{\"@type\":\"PropertyValueSpecification\",\"valueRequired\":true,\"valueName\":\"search_term_string\"}}],\"inLanguage\":\"de\"},{\"@type\":\"Organization\",\"@id\":\"https:\\\/\\\/emhuisken.de\\\/wordpress\\\/#organization\",\"name\":\"Musik \u2013 Wort \u2013 Geisteswissenschaft\",\"url\":\"https:\\\/\\\/emhuisken.de\\\/wordpress\\\/\",\"logo\":{\"@type\":\"ImageObject\",\"inLanguage\":\"de\",\"@id\":\"https:\\\/\\\/emhuisken.de\\\/wordpress\\\/#\\\/schema\\\/logo\\\/image\\\/\",\"url\":\"https:\\\/\\\/emhuisken.de\\\/wordpress\\\/wp-content\\\/uploads\\\/2014\\\/10\\\/eh_logo_schatten_240x66-1.png\",\"contentUrl\":\"https:\\\/\\\/emhuisken.de\\\/wordpress\\\/wp-content\\\/uploads\\\/2014\\\/10\\\/eh_logo_schatten_240x66-1.png\",\"width\":240,\"height\":66,\"caption\":\"Musik \u2013 Wort \u2013 Geisteswissenschaft\"},\"image\":{\"@id\":\"https:\\\/\\\/emhuisken.de\\\/wordpress\\\/#\\\/schema\\\/logo\\\/image\\\/\"}},{\"@type\":\"Person\",\"@id\":\"https:\\\/\\\/emhuisken.de\\\/wordpress\\\/#\\\/schema\\\/person\\\/d97bf7d74295f11fe6963296f0232ec3\",\"name\":\"Stefan Carl Em Huisken\",\"url\":\"https:\\\/\\\/emhuisken.de\\\/wordpress\\\/author\\\/shoeschen\\\/\"}]}<\/script>\n<!-- \/ Yoast SEO plugin. -->","yoast_head_json":{"title":"Friesische Kultur heute - Musik \u2013 Wort \u2013 Geisteswissenschaft","description":"Friesische Kultur ist \u00fcberzeitlich. Als Kultur der Freiheit ist ihr Beitrag heute n\u00f6tiger denn je. \"Sonntagsgedanken\" zum Thema.","robots":{"index":"index","follow":"follow","max-snippet":"max-snippet:-1","max-image-preview":"max-image-preview:large","max-video-preview":"max-video-preview:-1"},"canonical":"https:\/\/emhuisken.de\/wordpress\/2019\/07\/friesische-kultur-heute\/","og_locale":"de_DE","og_type":"article","og_title":"Friesische Kultur heute - Musik \u2013 Wort \u2013 Geisteswissenschaft","og_description":"Friesische Kultur ist \u00fcberzeitlich. Als Kultur der Freiheit ist ihr Beitrag heute n\u00f6tiger denn je. \"Sonntagsgedanken\" zum Thema.","og_url":"https:\/\/emhuisken.de\/wordpress\/2019\/07\/friesische-kultur-heute\/","og_site_name":"Musik \u2013 Wort \u2013 Geisteswissenschaft","article_published_time":"2019-07-22T13:58:11+00:00","article_modified_time":"2023-07-06T18:11:33+00:00","og_image":[{"width":880,"height":200,"url":"https:\/\/emhuisken.de\/wordpress\/wp-content\/uploads\/2017\/07\/Slider_Sonntagsgedanken.png","type":"image\/png"}],"author":"Stefan Carl Em Huisken","twitter_card":"summary_large_image","twitter_misc":{"Geschrieben von":"Stefan Carl Em Huisken","Gesch\u00e4tzte Lesezeit":"8\u00a0Minuten"},"schema":{"@context":"https:\/\/schema.org","@graph":[{"@type":"Article","@id":"https:\/\/emhuisken.de\/wordpress\/2019\/07\/friesische-kultur-heute\/#article","isPartOf":{"@id":"https:\/\/emhuisken.de\/wordpress\/2019\/07\/friesische-kultur-heute\/"},"author":{"name":"Stefan Carl Em Huisken","@id":"https:\/\/emhuisken.de\/wordpress\/#\/schema\/person\/d97bf7d74295f11fe6963296f0232ec3"},"headline":"Friesische Kultur heute","datePublished":"2019-07-22T13:58:11+00:00","dateModified":"2023-07-06T18:11:33+00:00","mainEntityOfPage":{"@id":"https:\/\/emhuisken.de\/wordpress\/2019\/07\/friesische-kultur-heute\/"},"wordCount":1335,"commentCount":0,"publisher":{"@id":"https:\/\/emhuisken.de\/wordpress\/#organization"},"image":{"@id":"https:\/\/emhuisken.de\/wordpress\/2019\/07\/friesische-kultur-heute\/#primaryimage"},"thumbnailUrl":"https:\/\/emhuisken.de\/wordpress\/wp-content\/uploads\/2017\/07\/Slider_Sonntagsgedanken.png","keywords":["Entwicklung","Freiheit","Friesen","Kommentare","Kultur","Sonntagsgedanken","Texte"],"articleSection":["Geisteswissenschaft"],"inLanguage":"de","potentialAction":[{"@type":"CommentAction","name":"Comment","target":["https:\/\/emhuisken.de\/wordpress\/2019\/07\/friesische-kultur-heute\/#respond"]}]},{"@type":"WebPage","@id":"https:\/\/emhuisken.de\/wordpress\/2019\/07\/friesische-kultur-heute\/","url":"https:\/\/emhuisken.de\/wordpress\/2019\/07\/friesische-kultur-heute\/","name":"Friesische Kultur heute - Musik \u2013 Wort \u2013 Geisteswissenschaft","isPartOf":{"@id":"https:\/\/emhuisken.de\/wordpress\/#website"},"primaryImageOfPage":{"@id":"https:\/\/emhuisken.de\/wordpress\/2019\/07\/friesische-kultur-heute\/#primaryimage"},"image":{"@id":"https:\/\/emhuisken.de\/wordpress\/2019\/07\/friesische-kultur-heute\/#primaryimage"},"thumbnailUrl":"https:\/\/emhuisken.de\/wordpress\/wp-content\/uploads\/2017\/07\/Slider_Sonntagsgedanken.png","datePublished":"2019-07-22T13:58:11+00:00","dateModified":"2023-07-06T18:11:33+00:00","description":"Friesische Kultur ist \u00fcberzeitlich. Als Kultur der Freiheit ist ihr Beitrag heute n\u00f6tiger denn je. \"Sonntagsgedanken\" zum Thema.","breadcrumb":{"@id":"https:\/\/emhuisken.de\/wordpress\/2019\/07\/friesische-kultur-heute\/#breadcrumb"},"inLanguage":"de","potentialAction":[{"@type":"ReadAction","target":["https:\/\/emhuisken.de\/wordpress\/2019\/07\/friesische-kultur-heute\/"]}]},{"@type":"ImageObject","inLanguage":"de","@id":"https:\/\/emhuisken.de\/wordpress\/2019\/07\/friesische-kultur-heute\/#primaryimage","url":"https:\/\/emhuisken.de\/wordpress\/wp-content\/uploads\/2017\/07\/Slider_Sonntagsgedanken.png","contentUrl":"https:\/\/emhuisken.de\/wordpress\/wp-content\/uploads\/2017\/07\/Slider_Sonntagsgedanken.png","width":880,"height":200},{"@type":"BreadcrumbList","@id":"https:\/\/emhuisken.de\/wordpress\/2019\/07\/friesische-kultur-heute\/#breadcrumb","itemListElement":[{"@type":"ListItem","position":1,"name":"Home","item":"https:\/\/emhuisken.de\/wordpress\/"},{"@type":"ListItem","position":2,"name":"Friesische Kultur heute"}]},{"@type":"WebSite","@id":"https:\/\/emhuisken.de\/wordpress\/#website","url":"https:\/\/emhuisken.de\/wordpress\/","name":"Musik \u2013 Wort \u2013 Geisteswissenschaft","description":"Ton-, Wort-, Gedankenkunst","publisher":{"@id":"https:\/\/emhuisken.de\/wordpress\/#organization"},"potentialAction":[{"@type":"SearchAction","target":{"@type":"EntryPoint","urlTemplate":"https:\/\/emhuisken.de\/wordpress\/?s={search_term_string}"},"query-input":{"@type":"PropertyValueSpecification","valueRequired":true,"valueName":"search_term_string"}}],"inLanguage":"de"},{"@type":"Organization","@id":"https:\/\/emhuisken.de\/wordpress\/#organization","name":"Musik \u2013 Wort \u2013 Geisteswissenschaft","url":"https:\/\/emhuisken.de\/wordpress\/","logo":{"@type":"ImageObject","inLanguage":"de","@id":"https:\/\/emhuisken.de\/wordpress\/#\/schema\/logo\/image\/","url":"https:\/\/emhuisken.de\/wordpress\/wp-content\/uploads\/2014\/10\/eh_logo_schatten_240x66-1.png","contentUrl":"https:\/\/emhuisken.de\/wordpress\/wp-content\/uploads\/2014\/10\/eh_logo_schatten_240x66-1.png","width":240,"height":66,"caption":"Musik \u2013 Wort \u2013 Geisteswissenschaft"},"image":{"@id":"https:\/\/emhuisken.de\/wordpress\/#\/schema\/logo\/image\/"}},{"@type":"Person","@id":"https:\/\/emhuisken.de\/wordpress\/#\/schema\/person\/d97bf7d74295f11fe6963296f0232ec3","name":"Stefan Carl Em Huisken","url":"https:\/\/emhuisken.de\/wordpress\/author\/shoeschen\/"}]}},"_links":{"self":[{"href":"https:\/\/emhuisken.de\/wordpress\/wp-json\/wp\/v2\/posts\/1864","targetHints":{"allow":["GET"]}}],"collection":[{"href":"https:\/\/emhuisken.de\/wordpress\/wp-json\/wp\/v2\/posts"}],"about":[{"href":"https:\/\/emhuisken.de\/wordpress\/wp-json\/wp\/v2\/types\/post"}],"author":[{"embeddable":true,"href":"https:\/\/emhuisken.de\/wordpress\/wp-json\/wp\/v2\/users\/1"}],"replies":[{"embeddable":true,"href":"https:\/\/emhuisken.de\/wordpress\/wp-json\/wp\/v2\/comments?post=1864"}],"version-history":[{"count":6,"href":"https:\/\/emhuisken.de\/wordpress\/wp-json\/wp\/v2\/posts\/1864\/revisions"}],"predecessor-version":[{"id":4136,"href":"https:\/\/emhuisken.de\/wordpress\/wp-json\/wp\/v2\/posts\/1864\/revisions\/4136"}],"wp:featuredmedia":[{"embeddable":true,"href":"https:\/\/emhuisken.de\/wordpress\/wp-json\/wp\/v2\/media\/869"}],"wp:attachment":[{"href":"https:\/\/emhuisken.de\/wordpress\/wp-json\/wp\/v2\/media?parent=1864"}],"wp:term":[{"taxonomy":"category","embeddable":true,"href":"https:\/\/emhuisken.de\/wordpress\/wp-json\/wp\/v2\/categories?post=1864"},{"taxonomy":"post_tag","embeddable":true,"href":"https:\/\/emhuisken.de\/wordpress\/wp-json\/wp\/v2\/tags?post=1864"}],"curies":[{"name":"wp","href":"https:\/\/api.w.org\/{rel}","templated":true}]}}